{"id":306051,"date":"2024-08-03T10:14:46","date_gmt":"2024-08-03T07:14:46","guid":{"rendered":"https:\/\/sana.sy\/tr\/?p=306051"},"modified":"2024-08-05T11:30:34","modified_gmt":"2024-08-05T08:30:34","slug":"rusya-savunmasi-guclerimiz-asker-ve-techizata-agir-kayiplar-vererek-yeni-alanlari-kontrol-altina-aldi","status":"publish","type":"post","link":"https:\/\/archive.sana.sy\/tr\/?p=306051","title":{"rendered":"Rus Kuvvetleri Kiev Kuvvetlerine Asker Ve Te\u00e7hizat A\u00e7\u0131s\u0131ndan A\u011f\u0131r Kay\u0131plar Verdirdi"},"content":{"rendered":"<p style=\"text-align: justify;\"><strong>MOSKOVA (SANA) &#8211;<\/strong> Rusya Savunma Bakanl\u0131\u011f\u0131, hava kuvvetlerinin Ukrayna kuvvetlerine ait baz\u0131lar\u0131 Amerikan yap\u0131m\u0131 sava\u015f u\u00e7a\u011f\u0131 ve f\u00fczeleri vurarak asker ve askeri te\u00e7hizata a\u011f\u0131r kay\u0131plar verdi\u011fini duyurdu.<\/p>\n<p style=\"text-align: justify;\">Sputnik, bakanl\u0131\u011f\u0131n yapt\u0131\u011f\u0131 a\u00e7\u0131klamada \u015funlar\u0131 kaydetti:<\/p>\n<ul>\n<li style=\"text-align: justify;\">Rus Silahl\u0131 Kuvvetleri gruplar\u0131n\u0131n taktiksel operasyonel havac\u0131l\u0131k, hava sald\u0131r\u0131lar\u0131, f\u00fcze ve top\u00e7u kuvvetleri, S-125 u\u00e7aksavar f\u00fcze sisteminin iki f\u0131rlat\u0131c\u0131s\u0131n\u0131 hedef ald\u0131.<\/li>\n<li style=\"text-align: justify;\">Rus kyvvetleri, Ukrayna Silahl\u0131 Kuvvetlerinin hava hedeflerini, B-18&#8217;i ve yak\u0131t depolar\u0131n\u0131 tespit etmek ve takip etmek i\u00e7in bir radar istasyonunu imha etti.<\/li>\n<li style=\"text-align: justify;\">Rus g\u00fc\u00e7leri, yabanc\u0131 paral\u0131 asker birimleri i\u00e7in ge\u00e7ici bir konu\u015flanma noktas\u0131n\u0131 ve d\u00fc\u015fman\u0131n insan g\u00fcc\u00fc ve askeri te\u00e7hizat\u0131n\u0131n 138 b\u00f6lgede birikmesini hedef ald\u0131.<\/li>\n<li style=\"text-align: justify;\">Do\u011fu Grubundan birimler stratejik konumlar\u0131n kontrol\u00fcn\u00fc ele ge\u00e7irdi.<\/li>\n<li style=\"text-align: justify;\">Rus birlikleri, Donetsk Halk Cumhuriyeti&#8217;ndeki Vodyanoye ve Storozevoy yerle\u015fim b\u00f6lgelerinde Ukrayna Silahl\u0131 Kuvvetlerinin insan g\u00fcc\u00fc ve te\u00e7hizat\u0131n\u0131 ma\u011flup etti.<\/li>\n<li style=\"text-align: justify;\">Rus kuvvetleri, Kiev kuvvetlerine 115 kadar asker, tank, alt\u0131 ara\u00e7 ve \u00e7ok say\u0131da silahtan olu\u015fan kay\u0131plar verdirdi.<\/li>\n<li style=\"text-align: justify;\">Savunma Bakanl\u0131\u011f\u0131&#8217;na g\u00f6re, Rus hava savunma sistemleri ABD yap\u0131m\u0131 Patriot u\u00e7aksavar f\u00fczesini, ABD yap\u0131m\u0131 dokuz Himars f\u00fczesini ve 80&#8217;i \u00f6zel askeri harekat alan\u0131 d\u0131\u015f\u0131nda olmak \u00fczere 140 insans\u0131z hava arac\u0131n\u0131 d\u00fc\u015f\u00fcrd\u00fc.<\/li>\n<\/ul>\n<p style=\"text-align: center;\"><strong><a href=\"https:\/\/t.me\/SuriyeArapHaberAjansI\">Telegram Kanal\u0131m\u0131z\u00a0<\/a>||<a href=\"https:\/\/twitter.com\/arap_ajans\">X Platformumuz\u00a0<\/a>||<a href=\"https:\/\/www.facebook.com\/SANAHaberAjansi\/\">Facebook Sayfam\u0131z<\/a><\/strong><\/p>\n","protected":false},"excerpt":{"rendered":"<p>MOSKOVA (SANA) &#8211; Rusya Savunma Bakanl\u0131\u011f\u0131, hava kuvvetlerinin Ukrayna kuvvetlerine ait baz\u0131lar\u0131 Amerikan yap\u0131m\u0131 sava\u015f u\u00e7a\u011f\u0131 ve f\u00fczeleri vurarak asker ve askeri te\u00e7hizata a\u011f\u0131r kay\u0131plar verdi\u011fini duyurdu. Sputnik, bakanl\u0131\u011f\u0131n yapt\u0131\u011f\u0131 a\u00e7\u0131klamada \u015funlar\u0131 kaydetti: Rus Silahl\u0131 Kuvvetleri gruplar\u0131n\u0131n taktiksel operasyonel havac\u0131l\u0131k, hava sald\u0131r\u0131lar\u0131, f\u00fcze ve top\u00e7u kuvvetleri, S-125 u\u00e7aksavar f\u00fcze sisteminin iki f\u0131rlat\u0131c\u0131s\u0131n\u0131 hedef ald\u0131. Rus &hellip;<\/p>\n","protected":false},"author":41,"featured_media":306052,"comment_status":"closed","ping_status":"closed","sticky":false,"template":"","format":"standard","meta":{"footnotes":""},"categories":[458,459,17988],"tags":[],"class_list":["post-306051","post","type-post","status-publish","format-standard","has-post-thumbnail","","category-dunya1","category-haberler-arap-uluslararasi-politika","category-son-haberler"],"_links":{"self":[{"href":"https:\/\/archive.sana.sy\/tr\/index.php?rest_route=\/wp\/v2\/posts\/306051","targetHints":{"allow":["GET"]}}],"collection":[{"href":"https:\/\/archive.sana.sy\/tr\/index.php?rest_route=\/wp\/v2\/posts"}],"about":[{"href":"https:\/\/archive.sana.sy\/tr\/index.php?rest_route=\/wp\/v2\/types\/post"}],"author":[{"embeddable":true,"href":"https:\/\/archive.sana.sy\/tr\/index.php?rest_route=\/wp\/v2\/users\/41"}],"replies":[{"embeddable":true,"href":"https:\/\/archive.sana.sy\/tr\/index.php?rest_route=%2Fwp%2Fv2%2Fcomments&post=306051"}],"version-history":[{"count":2,"href":"https:\/\/archive.sana.sy\/tr\/index.php?rest_route=\/wp\/v2\/posts\/306051\/revisions"}],"predecessor-version":[{"id":306062,"href":"https:\/\/archive.sana.sy\/tr\/index.php?rest_route=\/wp\/v2\/posts\/306051\/revisions\/306062"}],"wp:featuredmedia":[{"embeddable":true,"href":"https:\/\/archive.sana.sy\/tr\/index.php?rest_route=\/wp\/v2\/media\/306052"}],"wp:attachment":[{"href":"https:\/\/archive.sana.sy\/tr\/index.php?rest_route=%2Fwp%2Fv2%2Fmedia&parent=306051"}],"wp:term":[{"taxonomy":"category","embeddable":true,"href":"https:\/\/archive.sana.sy\/tr\/index.php?rest_route=%2Fwp%2Fv2%2Fcategories&post=306051"},{"taxonomy":"post_tag","embeddable":true,"href":"https:\/\/archive.sana.sy\/tr\/index.php?rest_route=%2Fwp%2Fv2%2Ftags&post=306051"}],"curies":[{"name":"wp","href":"https:\/\/api.w.org\/{rel}","templated":true}]}}