{"id":306054,"date":"2024-08-03T15:21:05","date_gmt":"2024-08-03T12:21:05","guid":{"rendered":"https:\/\/sana.sy\/tr\/?p=306054"},"modified":"2024-08-05T11:30:47","modified_gmt":"2024-08-05T08:30:47","slug":"iran-devrim-muhafizlari-haniye-suikasti-abd-yonetiminin-destegiyle-siyonist-varlik-tarafindan-gerceklestirildi","status":"publish","type":"post","link":"https:\/\/archive.sana.sy\/tr\/?p=306054","title":{"rendered":"\u0130ran Devrim Muhaf\u0131zlar\u0131: Haniye Suikast\u0131 ABD Y\u00f6netiminin Deste\u011fiyle Siyonist Varl\u0131k Taraf\u0131ndan Ger\u00e7ekle\u015ftirildi"},"content":{"rendered":"<p style=\"text-align: justify;\"><strong>TAHRAN (SANA)<\/strong> &#8211;\u00a0 \u0130ran Devrim Muhaf\u0131zlar\u0131, \u2018\u2019Hamas hareketinin siyasi b\u00fcro ba\u015fkan\u0131 \u0130smail Haniye&#8217;nin \u015fehadetine yol a\u00e7an ter\u00f6r operasyonu, 7 kg sava\u015f ba\u015fl\u0131kl\u0131 k\u0131sa menzilli mermi kullan\u0131larak ger\u00e7ekle\u015ftirildi\u2019\u2019 dedi.<\/p>\n<p style=\"text-align: justify;\">Devrim Muhaf\u0131zlar\u0131 bug\u00fcn yapt\u0131\u011f\u0131 a\u00e7\u0131klamada \u015funlar\u0131 ekledi: \u2018\u2019Ter\u00f6r sald\u0131r\u0131s\u0131 Siyonist varl\u0131k taraf\u0131ndan planlan\u0131p ger\u00e7ekle\u015ftirildi ve su\u00e7lu Amerikan y\u00f6netiminin deste\u011fiyle meydana geldi.\u2019\u2019<\/p>\n<p style=\"text-align: justify;\">A\u00e7\u0131klamada, &#8220;\u015eehit Haniye&#8217;nin kan\u0131n\u0131n bo\u015funa olmayaca\u011f\u0131, ter\u00f6rist Siyonist rejimin bu su\u00e7a a\u011f\u0131r ceza olan bu su\u00e7a uygun zaman, yer ve y\u00f6ntemle kar\u015f\u0131l\u0131k verece\u011fi&#8221; vurguland\u0131.<\/p>\n<p style=\"text-align: justify;\">A\u00e7\u0131klamada \u015fehit \u0130smail Haniye&#8217;nin kan\u0131n\u0131n intikam\u0131n\u0131n al\u0131nmas\u0131n\u0131n ka\u00e7\u0131n\u0131lmaz oldu\u011fu kaydedilrken, &#8220;Ter\u00f6rist Siyonist olu\u015fum bu kumar\u0131 ve ter\u00f6r su\u00e7unu kesinlikle en a\u011f\u0131r \u015fekilde cezaland\u0131racakt\u0131r&#8221; ifadelere yer vedildi.<\/p>\n<p style=\"text-align: center;\"><strong><a href=\"https:\/\/t.me\/SuriyeArapHaberAjansI\">Telegram Kanal\u0131m\u0131z\u00a0<\/a>||<a href=\"https:\/\/twitter.com\/arap_ajans\">X Platformumuz\u00a0<\/a>||<a href=\"https:\/\/www.facebook.com\/SANAHaberAjansi\/\">Facebook Sayfam\u0131z<\/a><\/strong><\/p>\n","protected":false},"excerpt":{"rendered":"<p>TAHRAN (SANA) &#8211;\u00a0 \u0130ran Devrim Muhaf\u0131zlar\u0131, \u2018\u2019Hamas hareketinin siyasi b\u00fcro ba\u015fkan\u0131 \u0130smail Haniye&#8217;nin \u015fehadetine yol a\u00e7an ter\u00f6r operasyonu, 7 kg sava\u015f ba\u015fl\u0131kl\u0131 k\u0131sa menzilli mermi kullan\u0131larak ger\u00e7ekle\u015ftirildi\u2019\u2019 dedi. Devrim Muhaf\u0131zlar\u0131 bug\u00fcn yapt\u0131\u011f\u0131 a\u00e7\u0131klamada \u015funlar\u0131 ekledi: \u2018\u2019Ter\u00f6r sald\u0131r\u0131s\u0131 Siyonist varl\u0131k taraf\u0131ndan planlan\u0131p ger\u00e7ekle\u015ftirildi ve su\u00e7lu Amerikan y\u00f6netiminin deste\u011fiyle meydana geldi.\u2019\u2019 A\u00e7\u0131klamada, &#8220;\u015eehit Haniye&#8217;nin kan\u0131n\u0131n bo\u015funa olmayaca\u011f\u0131, &hellip;<\/p>\n","protected":false},"author":41,"featured_media":306055,"comment_status":"closed","ping_status":"closed","sticky":false,"template":"","format":"standard","meta":{"footnotes":""},"categories":[458,459,17988],"tags":[42070],"class_list":["post-306054","post","type-post","status-publish","format-standard","has-post-thumbnail","","category-dunya1","category-haberler-arap-uluslararasi-politika","category-son-haberler","tag-iran-devrim-muhafizlari-haniye-suikasti-abd-yonetiminin-destegiyle-siyonist-varlik-tarafindan-gerceklestirildi"],"_links":{"self":[{"href":"https:\/\/archive.sana.sy\/tr\/index.php?rest_route=\/wp\/v2\/posts\/306054","targetHints":{"allow":["GET"]}}],"collection":[{"href":"https:\/\/archive.sana.sy\/tr\/index.php?rest_route=\/wp\/v2\/posts"}],"about":[{"href":"https:\/\/archive.sana.sy\/tr\/index.php?rest_route=\/wp\/v2\/types\/post"}],"author":[{"embeddable":true,"href":"https:\/\/archive.sana.sy\/tr\/index.php?rest_route=\/wp\/v2\/users\/41"}],"replies":[{"embeddable":true,"href":"https:\/\/archive.sana.sy\/tr\/index.php?rest_route=%2Fwp%2Fv2%2Fcomments&post=306054"}],"version-history":[{"count":1,"href":"https:\/\/archive.sana.sy\/tr\/index.php?rest_route=\/wp\/v2\/posts\/306054\/revisions"}],"predecessor-version":[{"id":306056,"href":"https:\/\/archive.sana.sy\/tr\/index.php?rest_route=\/wp\/v2\/posts\/306054\/revisions\/306056"}],"wp:featuredmedia":[{"embeddable":true,"href":"https:\/\/archive.sana.sy\/tr\/index.php?rest_route=\/wp\/v2\/media\/306055"}],"wp:attachment":[{"href":"https:\/\/archive.sana.sy\/tr\/index.php?rest_route=%2Fwp%2Fv2%2Fmedia&parent=306054"}],"wp:term":[{"taxonomy":"category","embeddable":true,"href":"https:\/\/archive.sana.sy\/tr\/index.php?rest_route=%2Fwp%2Fv2%2Fcategories&post=306054"},{"taxonomy":"post_tag","embeddable":true,"href":"https:\/\/archive.sana.sy\/tr\/index.php?rest_route=%2Fwp%2Fv2%2Ftags&post=306054"}],"curies":[{"name":"wp","href":"https:\/\/api.w.org\/{rel}","templated":true}]}}