{"id":306064,"date":"2024-08-03T05:39:16","date_gmt":"2024-08-03T02:39:16","guid":{"rendered":"https:\/\/sana.sy\/tr\/?p=306064"},"modified":"2024-08-03T18:30:57","modified_gmt":"2024-08-03T15:30:57","slug":"suriyenin-katilimiyla-islam-dunyasinda-evkaf-ve-islam-isleri-konferansi-yurutme-konseyi-toplantisi-mekkede-yapildi","status":"publish","type":"post","link":"https:\/\/archive.sana.sy\/tr\/?p=306064","title":{"rendered":"Suriye&#8217;nin Kat\u0131l\u0131m\u0131yla \u2026 \u0130slam D\u00fcnyas\u0131nda Evkaf Ve \u0130slam \u0130\u015fleri Konferans\u0131 Y\u00fcr\u00fctme Konseyi Toplant\u0131s\u0131 Mekke&#8217;de Yap\u0131ld\u0131"},"content":{"rendered":"<p style=\"text-align: justify;\"><strong>MAKKE (SANA)<\/strong> &#8211; \u0130slam D\u00fcnyas\u0131nda Vak\u0131flar ve \u0130slami \u0130\u015fler Konferans\u0131&#8217;n\u0131n 14&#8217;\u00fcnc\u00fc Y\u00fcr\u00fctme Konseyi toplant\u0131s\u0131n\u0131n \u00e7al\u0131\u015fmalar\u0131 bug\u00fcn Suudi Arabistan Krall\u0131\u011f\u0131&#8217;n\u0131n Mekke kentinde Vak\u0131flar Bakan\u0131 Muhammed <img loading=\"lazy\" decoding=\"async\" class=\"size-full wp-image-306067 alignright\" src=\"http:\/\/sana.sy\/tr\/wp-content\/uploads\/2024\/08\/Untitled-2-3-300x168-1.jpg\" alt=\"\" width=\"300\" height=\"168\" \/>Abd\u00fclsettar El Sayyed&#8217;in ve d\u00fcnya \u00e7ap\u0131nda 62 \u00fclkeden bakanlar ve \u0130slami konsey ba\u015fkanlar\u0131n\u0131n kat\u0131l\u0131m\u0131yla ba\u015flad\u0131.<\/p>\n<p style=\"text-align: justify;\">Suudi Bas\u0131n Ajans\u0131&#8217;na (SPA) g\u00f6re toplant\u0131da, mevcut oturumun g\u00fcndemi g\u00f6zden ge\u00e7irildi ve Dokuzuncu Konferans\u0131n g\u00fcndemi oybirli\u011fiyle kabul edildi, ayr\u0131ca Genel Sekreterli\u011fin bir sonraki konferans ve Y\u00fcr\u00fctme Konseyinin yakla\u015fan on be\u015finci oturumuna ili\u015fkin \u00f6nerisi ev sahibi \u00fclke a\u00e7\u0131s\u0131ndan tart\u0131\u015f\u0131ld\u0131.<\/p>\n<p style=\"text-align: justify;\">Konseyin \u00e7al\u0131\u015fma mekanizmas\u0131n\u0131n ele al\u0131nd\u0131\u011f\u0131 toplant\u0131da, Vak\u0131flar ve \u0130slami \u0130\u015fler Bakanl\u0131klar\u0131n\u0131n ihtiya\u00e7lar\u0131 ve \u0130slam sahnesindeki yeni konular do\u011frultusunda onuncu oturumda bir sonraki konferans\u0131n konusunun \u00f6nerilmesi konusunda \u00e7ok say\u0131da g\u00f6r\u00fc\u015f dinlendi ve genel Sekreterli\u011fin \u00f6n\u00fcm\u00fczdeki konferansa ili\u015fkin \u00f6nerisi ve Onuncu Genel Konferans\u0131n konusunun mekanizmas\u0131 sunuldu, ayr\u0131ca Konsey&#8217;e \u00fcye devletlerin \u00e7al\u0131\u015fma mekanizmas\u0131n\u0131 geli\u015ftirmek i\u00e7in sundu\u011fu bir dizi \u00f6neri masaya yat\u0131r\u0131ld\u0131.<\/p>\n<p style=\"text-align: center;\"><strong><a href=\"https:\/\/t.me\/SuriyeArapHaberAjansI\">Telegram Kanal\u0131m\u0131z\u00a0<\/a>||<a href=\"https:\/\/twitter.com\/arap_ajans\">X Platformumuz\u00a0<\/a>||<a href=\"https:\/\/www.facebook.com\/SANAHaberAjansi\/\">Facebook Sayfam\u0131z<\/a><\/strong><\/p>\n","protected":false},"excerpt":{"rendered":"<p>MAKKE (SANA) &#8211; \u0130slam D\u00fcnyas\u0131nda Vak\u0131flar ve \u0130slami \u0130\u015fler Konferans\u0131&#8217;n\u0131n 14&#8217;\u00fcnc\u00fc Y\u00fcr\u00fctme Konseyi toplant\u0131s\u0131n\u0131n \u00e7al\u0131\u015fmalar\u0131 bug\u00fcn Suudi Arabistan Krall\u0131\u011f\u0131&#8217;n\u0131n Mekke kentinde Vak\u0131flar Bakan\u0131 Muhammed Abd\u00fclsettar El Sayyed&#8217;in ve d\u00fcnya \u00e7ap\u0131nda 62 \u00fclkeden bakanlar ve \u0130slami konsey ba\u015fkanlar\u0131n\u0131n kat\u0131l\u0131m\u0131yla ba\u015flad\u0131. Suudi Bas\u0131n Ajans\u0131&#8217;na (SPA) g\u00f6re toplant\u0131da, mevcut oturumun g\u00fcndemi g\u00f6zden ge\u00e7irildi ve Dokuzuncu Konferans\u0131n g\u00fcndemi oybirli\u011fiyle &hellip;<\/p>\n","protected":false},"author":41,"featured_media":306065,"comment_status":"closed","ping_status":"closed","sticky":false,"template":"","format":"standard","meta":{"footnotes":""},"categories":[1],"tags":[42072,42073],"class_list":["post-306064","post","type-post","status-publish","format-standard","has-post-thumbnail","","category-news-not-sorted","tag-suriyenin-katilimiyla-islam-dunyasinda-evkaf-ve-islam-isleri-konferansi-yurutme-konseyi-toplantisi-mekkede-yapildi","tag-suudi-arabistan-ile-suriye-arasindaki-iliskiler"],"_links":{"self":[{"href":"https:\/\/archive.sana.sy\/tr\/index.php?rest_route=\/wp\/v2\/posts\/306064","targetHints":{"allow":["GET"]}}],"collection":[{"href":"https:\/\/archive.sana.sy\/tr\/index.php?rest_route=\/wp\/v2\/posts"}],"about":[{"href":"https:\/\/archive.sana.sy\/tr\/index.php?rest_route=\/wp\/v2\/types\/post"}],"author":[{"embeddable":true,"href":"https:\/\/archive.sana.sy\/tr\/index.php?rest_route=\/wp\/v2\/users\/41"}],"replies":[{"embeddable":true,"href":"https:\/\/archive.sana.sy\/tr\/index.php?rest_route=%2Fwp%2Fv2%2Fcomments&post=306064"}],"version-history":[{"count":3,"href":"https:\/\/archive.sana.sy\/tr\/index.php?rest_route=\/wp\/v2\/posts\/306064\/revisions"}],"predecessor-version":[{"id":306069,"href":"https:\/\/archive.sana.sy\/tr\/index.php?rest_route=\/wp\/v2\/posts\/306064\/revisions\/306069"}],"wp:featuredmedia":[{"embeddable":true,"href":"https:\/\/archive.sana.sy\/tr\/index.php?rest_route=\/wp\/v2\/media\/306065"}],"wp:attachment":[{"href":"https:\/\/archive.sana.sy\/tr\/index.php?rest_route=%2Fwp%2Fv2%2Fmedia&parent=306064"}],"wp:term":[{"taxonomy":"category","embeddable":true,"href":"https:\/\/archive.sana.sy\/tr\/index.php?rest_route=%2Fwp%2Fv2%2Fcategories&post=306064"},{"taxonomy":"post_tag","embeddable":true,"href":"https:\/\/archive.sana.sy\/tr\/index.php?rest_route=%2Fwp%2Fv2%2Ftags&post=306064"}],"curies":[{"name":"wp","href":"https:\/\/api.w.org\/{rel}","templated":true}]}}