{"id":306070,"date":"2024-08-03T18:54:23","date_gmt":"2024-08-03T15:54:23","guid":{"rendered":"https:\/\/sana.sy\/tr\/?p=306070"},"modified":"2024-08-05T11:31:09","modified_gmt":"2024-08-05T08:31:09","slug":"vakiflar-bakani-suudi-mevkidasi-ile-ortak-isbirligini-gelistirmenin-yollarini-gorustu","status":"publish","type":"post","link":"https:\/\/archive.sana.sy\/tr\/?p=306070","title":{"rendered":"Vak\u0131flar Bakan\u0131, Suudi Mevkida\u015f\u0131 \u0130le Ortak \u0130\u015fbirli\u011fini Geli\u015ftirmenin Yollar\u0131n\u0131 G\u00f6r\u00fc\u015ft\u00fc"},"content":{"rendered":"<p style=\"text-align: justify;\"><strong>R\u0130YAD (SANA) &#8211;<\/strong>\u00a0 Bug\u00fcn Vak\u0131flar Bakan\u0131 Muhammed Abd\u00fclsettar El Seyid, Suudi \u0130slam \u0130\u015fleri Bakan\u0131 Abdullatif bin Abd\u00fclaziz El \u015eeyh ile iki karde\u015f \u00fclke aras\u0131nda ortak i\u015f birli\u011fini geli\u015ftirmenin ve dini alanda ili\u015fkileri g\u00fc\u00e7lendirmenin yollar\u0131n\u0131 g\u00f6r\u00fc\u015ft\u00fc.<\/p>\n<p style=\"text-align: justify;\">\u0130ki taraf ayr\u0131ca, yar\u0131n Mekke&#8217;de ba\u015flayacak olan \u0130slam D\u00fcnyas\u0131 Vak\u0131flar ve \u0130slam \u0130\u015fleri Bakanlar\u0131 Konferans\u0131&#8217;n\u0131n dokuzuncu oturumunun yap\u0131lmas\u0131na y\u00f6nelik haz\u0131rl\u0131klar\u0131 ve bakanlar\u0131n bu toplant\u0131da sunacaklar\u0131 \u00f6nerileri de ele ald\u0131.<\/p>\n<p style=\"text-align: justify;\">\u0130slam D\u00fcnyas\u0131 Evkaf ve \u0130slam \u0130\u015fleri Bakanlar\u0131 Konferans\u0131&#8217;n\u0131n \u00e7al\u0131\u015fmalar\u0131na Suriye dahil d\u00fcnyan\u0131n 62 \u00fclkesinden bakanlar, m\u00fcft\u00fcler ve \u0130slami \u015fura ba\u015fkanlar\u0131 kat\u0131l\u0131yor.<\/p>\n<p style=\"text-align: justify;\">Bu kapsamda Suudi Bas\u0131n Ajans\u0131&#8217;n\u0131n (SPA) haberine g\u00f6re, Suudi Arabistan \u0130slam \u0130\u015fleri Bakanl\u0131\u011f\u0131 taraf\u0131ndan d\u00fczenlenen \u0130slam D\u00fcnyas\u0131 Vak\u0131flar ve \u0130slam \u0130\u015fleri Bakanlar\u0131 Konferans\u0131&#8217;n\u0131n on d\u00f6rd\u00fcnc\u00fc Y\u00fcr\u00fctme Konseyi toplant\u0131s\u0131 bug\u00fcn ger\u00e7ekle\u015ftirildi. Konferansta mevcut oturumun g\u00fcndemi g\u00f6zden ge\u00e7irildi ve yar\u0131n yap\u0131lacak ve iki g\u00fcn s\u00fcrecek olan Dokuzuncu Evkaf Bakanlar\u0131 ve \u0130slam \u0130\u015fleri Konferans\u0131&#8217;n\u0131n g\u00fcndemi oybirli\u011fiyle kabul edildi.<\/p>\n<p>&nbsp;<\/p>\n<div id='gallery-1' class='gallery galleryid-306070 gallery-columns-1 gallery-size-full'><figure class='gallery-item'>\n\t\t\t<div class='gallery-icon landscape'>\n\t\t\t\t<a href='https:\/\/archive.sana.sy\/tr\/?attachment_id=306072'><img loading=\"lazy\" decoding=\"async\" width=\"660\" height=\"370\" src=\"https:\/\/archive.sana.sy\/tr\/wp-content\/uploads\/2024\/08\/Untitled-3-5.jpg\" class=\"attachment-full size-full\" alt=\"\" srcset=\"https:\/\/archive.sana.sy\/tr\/wp-content\/uploads\/2024\/08\/Untitled-3-5.jpg 660w, https:\/\/archive.sana.sy\/tr\/wp-content\/uploads\/2024\/08\/Untitled-3-5-300x168.jpg 300w\" sizes=\"auto, (max-width: 660px) 100vw, 660px\" \/><\/a>\n\t\t\t<\/div><\/figure>\n\t\t<\/div>\n\n<p style=\"text-align: center;\"><strong><a href=\"https:\/\/t.me\/SuriyeArapHaberAjansI\">Telegram Kanal\u0131m\u0131z\u00a0<\/a>||<a href=\"https:\/\/twitter.com\/arap_ajans\">X Platformumuz\u00a0<\/a>||<a href=\"https:\/\/www.facebook.com\/SANAHaberAjansi\/\">Facebook Sayfam\u0131z<\/a><\/strong><\/p>\n","protected":false},"excerpt":{"rendered":"<p>R\u0130YAD (SANA) &#8211;\u00a0 Bug\u00fcn Vak\u0131flar Bakan\u0131 Muhammed Abd\u00fclsettar El Seyid, Suudi \u0130slam \u0130\u015fleri Bakan\u0131 Abdullatif bin Abd\u00fclaziz El \u015eeyh ile iki karde\u015f \u00fclke aras\u0131nda ortak i\u015f birli\u011fini geli\u015ftirmenin ve dini alanda ili\u015fkileri g\u00fc\u00e7lendirmenin yollar\u0131n\u0131 g\u00f6r\u00fc\u015ft\u00fc. \u0130ki taraf ayr\u0131ca, yar\u0131n Mekke&#8217;de ba\u015flayacak olan \u0130slam D\u00fcnyas\u0131 Vak\u0131flar ve \u0130slam \u0130\u015fleri Bakanlar\u0131 Konferans\u0131&#8217;n\u0131n dokuzuncu oturumunun yap\u0131lmas\u0131na y\u00f6nelik haz\u0131rl\u0131klar\u0131 &hellip;<\/p>\n","protected":false},"author":41,"featured_media":306071,"comment_status":"closed","ping_status":"closed","sticky":false,"template":"","format":"standard","meta":{"footnotes":""},"categories":[458,459,17988],"tags":[],"class_list":["post-306070","post","type-post","status-publish","format-standard","has-post-thumbnail","","category-dunya1","category-haberler-arap-uluslararasi-politika","category-son-haberler"],"_links":{"self":[{"href":"https:\/\/archive.sana.sy\/tr\/index.php?rest_route=\/wp\/v2\/posts\/306070","targetHints":{"allow":["GET"]}}],"collection":[{"href":"https:\/\/archive.sana.sy\/tr\/index.php?rest_route=\/wp\/v2\/posts"}],"about":[{"href":"https:\/\/archive.sana.sy\/tr\/index.php?rest_route=\/wp\/v2\/types\/post"}],"author":[{"embeddable":true,"href":"https:\/\/archive.sana.sy\/tr\/index.php?rest_route=\/wp\/v2\/users\/41"}],"replies":[{"embeddable":true,"href":"https:\/\/archive.sana.sy\/tr\/index.php?rest_route=%2Fwp%2Fv2%2Fcomments&post=306070"}],"version-history":[{"count":3,"href":"https:\/\/archive.sana.sy\/tr\/index.php?rest_route=\/wp\/v2\/posts\/306070\/revisions"}],"predecessor-version":[{"id":306075,"href":"https:\/\/archive.sana.sy\/tr\/index.php?rest_route=\/wp\/v2\/posts\/306070\/revisions\/306075"}],"wp:featuredmedia":[{"embeddable":true,"href":"https:\/\/archive.sana.sy\/tr\/index.php?rest_route=\/wp\/v2\/media\/306071"}],"wp:attachment":[{"href":"https:\/\/archive.sana.sy\/tr\/index.php?rest_route=%2Fwp%2Fv2%2Fmedia&parent=306070"}],"wp:term":[{"taxonomy":"category","embeddable":true,"href":"https:\/\/archive.sana.sy\/tr\/index.php?rest_route=%2Fwp%2Fv2%2Fcategories&post=306070"},{"taxonomy":"post_tag","embeddable":true,"href":"https:\/\/archive.sana.sy\/tr\/index.php?rest_route=%2Fwp%2Fv2%2Ftags&post=306070"}],"curies":[{"name":"wp","href":"https:\/\/api.w.org\/{rel}","templated":true}]}}