{"id":306077,"date":"2024-08-04T10:49:54","date_gmt":"2024-08-04T07:49:54","guid":{"rendered":"https:\/\/sana.sy\/tr\/?p=306077"},"modified":"2024-08-05T11:31:47","modified_gmt":"2024-08-05T08:31:47","slug":"barisi-desteklemek-ve-catisma-bolgelerine-silah-tedarikini-reddetmek-icin-berlinde-bir-gosteri-duzenlendi","status":"publish","type":"post","link":"https:\/\/archive.sana.sy\/tr\/?p=306077","title":{"rendered":"Bar\u0131\u015f\u0131 Desteklemek Ve \u00c7at\u0131\u015fma B\u00f6lgelerine Silah Tedarikini Reddetmek \u0130\u00e7in Berlin&#8217;de Bir G\u00f6steri D\u00fczenlendi"},"content":{"rendered":"<p style=\"text-align: justify;\"><strong>BERL\u0130N (SANA) \u2013<\/strong> Almanya&#8217;n\u0131n ba\u015fkenti Berlin&#8217;in merkezinde &#8220;Birlik, Hukuk ve \u00d6zg\u00fcrl\u00fck&#8221; slogan\u0131yla bar\u0131\u015f, \u00f6zg\u00fcrl\u00fck ve demokrasi talebiyle d\u00fczenlenen ve \u00e7at\u0131\u015fma b\u00f6lgelerine silah g\u00f6nderilmesini reddeden g\u00f6steriye binlerce ki\u015fi kat\u0131ld\u0131.<\/p>\n<p style=\"text-align: justify;\">TASS, g\u00f6steriye kat\u0131lan pek \u00e7ok ki\u015finin \u00fczerinde bar\u0131\u015f g\u00fcvercini resmi bulunan mavi bayraklar ve Alman bayraklar\u0131n\u0131n yan\u0131 s\u0131ra bar\u0131\u015f\u0131 desteklemek i\u00e7in ve silah tedari\u011finin durdurulmas\u0131 \u00e7a\u011fr\u0131s\u0131nda bulunan poster ve pankartlar ta\u015f\u0131d\u0131\u011f\u0131n\u0131 bildirdi.<\/p>\n<p style=\"text-align: justify;\">Pankartlardan baz\u0131lar\u0131 \u015fu ifadelerle yaz\u0131ld\u0131: &#8220;\u015eimdi silahs\u0131z bar\u0131\u015f, Alman topraklar\u0131nda yeniden sava\u015fa hay\u0131r, t\u00fcm halklar i\u00e7in bar\u0131\u015f, Amerikal\u0131lar\u0131 \u00e7\u0131ks\u0131n.&#8221;<\/p>\n<p style=\"text-align: justify;\">Bunun yan\u0131nda da, Filistin&#8217;i destekleyen pankartlar a\u00e7t\u0131lar ve kat\u0131l\u0131mc\u0131lar Berlin sokaklar\u0131nda y\u00fcr\u00fcd\u00fcler ve b\u00fcy\u00fck bir Alman polisinin ortas\u0131nda Zafer An\u0131t\u0131&#8217;nda topland\u0131lar.<\/p>\n<p style=\"text-align: center;\"><strong><a href=\"https:\/\/t.me\/SuriyeArapHaberAjansI\">Telegram Kanal\u0131m\u0131z\u00a0<\/a>||<a href=\"https:\/\/twitter.com\/arap_ajans\">X Platformumuz\u00a0<\/a>||<a href=\"https:\/\/www.facebook.com\/SANAHaberAjansi\/\">Facebook Sayfam\u0131z<\/a><\/strong><\/p>\n","protected":false},"excerpt":{"rendered":"<p>BERL\u0130N (SANA) \u2013 Almanya&#8217;n\u0131n ba\u015fkenti Berlin&#8217;in merkezinde &#8220;Birlik, Hukuk ve \u00d6zg\u00fcrl\u00fck&#8221; slogan\u0131yla bar\u0131\u015f, \u00f6zg\u00fcrl\u00fck ve demokrasi talebiyle d\u00fczenlenen ve \u00e7at\u0131\u015fma b\u00f6lgelerine silah g\u00f6nderilmesini reddeden g\u00f6steriye binlerce ki\u015fi kat\u0131ld\u0131. TASS, g\u00f6steriye kat\u0131lan pek \u00e7ok ki\u015finin \u00fczerinde bar\u0131\u015f g\u00fcvercini resmi bulunan mavi bayraklar ve Alman bayraklar\u0131n\u0131n yan\u0131 s\u0131ra bar\u0131\u015f\u0131 desteklemek i\u00e7in ve silah tedari\u011finin durdurulmas\u0131 \u00e7a\u011fr\u0131s\u0131nda bulunan &hellip;<\/p>\n","protected":false},"author":39,"featured_media":306078,"comment_status":"closed","ping_status":"closed","sticky":false,"template":"","format":"standard","meta":{"footnotes":""},"categories":[458,459,17988],"tags":[],"class_list":["post-306077","post","type-post","status-publish","format-standard","has-post-thumbnail","","category-dunya1","category-haberler-arap-uluslararasi-politika","category-son-haberler"],"_links":{"self":[{"href":"https:\/\/archive.sana.sy\/tr\/index.php?rest_route=\/wp\/v2\/posts\/306077","targetHints":{"allow":["GET"]}}],"collection":[{"href":"https:\/\/archive.sana.sy\/tr\/index.php?rest_route=\/wp\/v2\/posts"}],"about":[{"href":"https:\/\/archive.sana.sy\/tr\/index.php?rest_route=\/wp\/v2\/types\/post"}],"author":[{"embeddable":true,"href":"https:\/\/archive.sana.sy\/tr\/index.php?rest_route=\/wp\/v2\/users\/39"}],"replies":[{"embeddable":true,"href":"https:\/\/archive.sana.sy\/tr\/index.php?rest_route=%2Fwp%2Fv2%2Fcomments&post=306077"}],"version-history":[{"count":2,"href":"https:\/\/archive.sana.sy\/tr\/index.php?rest_route=\/wp\/v2\/posts\/306077\/revisions"}],"predecessor-version":[{"id":306081,"href":"https:\/\/archive.sana.sy\/tr\/index.php?rest_route=\/wp\/v2\/posts\/306077\/revisions\/306081"}],"wp:featuredmedia":[{"embeddable":true,"href":"https:\/\/archive.sana.sy\/tr\/index.php?rest_route=\/wp\/v2\/media\/306078"}],"wp:attachment":[{"href":"https:\/\/archive.sana.sy\/tr\/index.php?rest_route=%2Fwp%2Fv2%2Fmedia&parent=306077"}],"wp:term":[{"taxonomy":"category","embeddable":true,"href":"https:\/\/archive.sana.sy\/tr\/index.php?rest_route=%2Fwp%2Fv2%2Fcategories&post=306077"},{"taxonomy":"post_tag","embeddable":true,"href":"https:\/\/archive.sana.sy\/tr\/index.php?rest_route=%2Fwp%2Fv2%2Ftags&post=306077"}],"curies":[{"name":"wp","href":"https:\/\/api.w.org\/{rel}","templated":true}]}}