{"id":306080,"date":"2024-08-04T11:05:43","date_gmt":"2024-08-04T08:05:43","guid":{"rendered":"https:\/\/sana.sy\/tr\/?p=306080"},"modified":"2024-08-05T11:28:29","modified_gmt":"2024-08-05T08:28:29","slug":"aksa-tufani-operasyonu-bugunun-en-one-cikan-gelismeleri-213","status":"publish","type":"post","link":"https:\/\/archive.sana.sy\/tr\/?p=306080","title":{"rendered":"Aksa Tufan\u0131 Operasyonu\u2026 Bug\u00fcn\u00fcn En \u00d6ne \u00c7\u0131kan Geli\u015fmeleri"},"content":{"rendered":"<p style=\"text-align: justify;\"><strong>\u0130\u015eGAL ED\u0130LEN KUD\u00dcS (SANA) \u2013\u00a0<\/strong>Filistin direni\u015finin i\u015fgalci \u0130srail\u2019in sald\u0131rganl\u0131\u011f\u0131na yan\u0131t olarak 7 Ekim\u2019de ba\u015flatt\u0131\u011f\u0131 Aksa Tufan\u0131 Operasyonu\u2019nda \u00f6ne \u00e7\u0131kan geli\u015fmeler:<\/p>\n<ul style=\"text-align: justify;\">\n<li style=\"text-align: justify;\">Filistin direni\u015fi, \u0130srail&#8217;in Gazze \u015eeridi&#8217;ndeki i\u015fgal katliamlar\u0131na tepki olarak i\u015fgal alt\u0131ndaki A\u015fdod \u015fehrini ve &#8220;Gan Yavne&#8221; yerle\u015fimini f\u00fcze bombard\u0131man\u0131yla hedef ald\u0131.<\/li>\n<li style=\"text-align: justify;\">\u0130\u015fgalin son 24 saatte ger\u00e7ekle\u015ftirdi\u011fi katliamlar sonucu 33 \u015fehit.<\/li>\n<li style=\"text-align: justify;\">Filistin Sa\u011fl\u0131k Bakanl\u0131\u011f\u0131: \u0130srail i\u015fgalinin Gazze \u015eeridi&#8217;nde 303&#8217;\u00fcnc\u00fc g\u00fcn\u00fcnde s\u00fcrd\u00fcrd\u00fc\u011f\u00fc sald\u0131r\u0131da hayat\u0131n\u0131 kaybedenlerin say\u0131s\u0131 39 bin 583 \u015fehit ve 91 bin 398 yaral\u0131ya y\u00fckseldi.<\/li>\n<li style=\"text-align: justify;\">Filistin Sa\u011fl\u0131k Bakanl\u0131\u011f\u0131: \u0130srail i\u015fgali son 24 saatte Gazze \u015eeridi&#8217;nde iki katliam ger\u00e7ekle\u015ftirdi; bunlardan 33 \u015fehit ve 118 yaral\u0131 hastanelere kald\u0131r\u0131ld\u0131.<\/li>\n<li style=\"text-align: justify;\">Filistin direni\u015fi, Gazze \u015eeridi&#8217;nde devam eden su\u00e7lara yan\u0131t olarak \u0130srail i\u015fgalinin &#8220;Nahal Oz&#8221; askeri tesisini ve &#8220;Be&#8217;eri&#8221; yerle\u015fimini f\u00fcze salvosu ile hedef ald\u0131.<\/li>\n<li style=\"text-align: justify;\">Filistin direni\u015fi, Gazze \u015fehrinin g\u00fcneybat\u0131s\u0131ndaki Tel El Hava mahallesinde bir \u0130srail d\u00fc\u015fman askerini keskin ni\u015fanc\u0131larla hedef ald\u0131.<\/li>\n<li style=\"text-align: justify;\">Fattuh, i\u015fgalcilerin yerinden edilmi\u015f ki\u015filerin \u00e7ad\u0131rlar\u0131n\u0131 ve hastanelerini bombalamas\u0131n\u0131 k\u0131nad\u0131.<\/li>\n<li style=\"text-align: justify;\">Filistin medyas\u0131: \u0130srail i\u015fgalinin Gazze \u015fehrinin do\u011fusundaki El \u015eaaf mahallesini bombalamas\u0131nda 3 \u015fehit.<\/li>\n<li style=\"text-align: justify;\">Sald\u0131rganl\u0131\u011f\u0131n 303&#8217;\u00fcnc\u00fc g\u00fcn\u00fcnde&#8230; \u0130\u015fgalin Gazze \u015eeridi&#8217;nde ger\u00e7ekle\u015ftirdi\u011fi yeni katliamlarda \u015fehit ve yaral\u0131lar.<\/li>\n<li style=\"text-align: justify;\">Filistin Sa\u011fl\u0131k Bakanl\u0131\u011f\u0131: \u0130srail i\u015fgalinin bug\u00fcn sabah saatlerinden itibaren Gazze \u015eeridi&#8217;nin \u00e7e\u015fitli b\u00f6lgelerini bombalamas\u0131 sonucu 16 \u015fehit.<\/li>\n<li style=\"text-align: justify;\">Filistin medyas\u0131: \u0130srail&#8217;in Gazze \u015fehrinin do\u011fusundaki E\u015f \u015eucaiye mahallesini i\u015fgal etmesi sonucu iki \u015fehit ve \u00e7ok say\u0131da yaral\u0131.<\/li>\n<li style=\"text-align: justify;\">Filistin medyas\u0131: \u0130srail i\u015fgalinin Gazze \u015fehrinin El-Zaytun mahallesinde bir arac\u0131 bombalamas\u0131 sonucu 3 \u015fehit.<\/li>\n<li style=\"text-align: justify;\">Filistin medyas\u0131: \u0130srail i\u015fgal u\u00e7aklar\u0131n\u0131n Gazze \u015eeridi&#8217;nin merkezindeki Deir al-Balah \u015fehrinin bat\u0131s\u0131ndaki bir evi bombalamas\u0131 sonucu 3 \u015fehit ve \u00e7ok say\u0131da yaral\u0131.<\/li>\n<li style=\"text-align: justify;\">Filistin medyas\u0131: \u0130srail i\u015fgal u\u00e7aklar\u0131n\u0131n Gazze \u015eeridi&#8217;nin merkezindeki Deyir El Balah&#8217;taki Mescid-i Aksa \u015eehitleri Hastanesi&#8217;nde yerinden edilenlerin \u00e7ad\u0131rlar\u0131n\u0131 bombalamas\u0131 sonucu 5 \u015fehit ve \u00e7ok say\u0131da yaral\u0131.<\/li>\n<li>\n<p style=\"text-align: justify;\">Filistin medyas\u0131: \u0130srail i\u015fgal u\u00e7aklar\u0131n\u0131n Gazze \u015eeridi&#8217;nin kuzeyindeki Cebeliye kamp\u0131ndaki El Fakhoura b\u00f6lgesindeki bir evi bombalamas\u0131 sonucu 3 \u015fehit, 8 yaral\u0131.<\/p>\n<\/li>\n<\/ul>\n<p style=\"text-align: center;\"><strong><a href=\"https:\/\/t.me\/SuriyeArapHaberAjansI\">Telegram Kanal\u0131m\u0131z\u00a0<\/a>||<a href=\"https:\/\/twitter.com\/arap_ajans\">X Platformumuz\u00a0<\/a>||<a href=\"https:\/\/www.facebook.com\/SANAHaberAjansi\/\">Facebook Sayfam\u0131z<\/a><\/strong><\/p>\n","protected":false},"excerpt":{"rendered":"<p>\u0130\u015eGAL ED\u0130LEN KUD\u00dcS (SANA) \u2013\u00a0Filistin direni\u015finin i\u015fgalci \u0130srail\u2019in sald\u0131rganl\u0131\u011f\u0131na yan\u0131t olarak 7 Ekim\u2019de ba\u015flatt\u0131\u011f\u0131 Aksa Tufan\u0131 Operasyonu\u2019nda \u00f6ne \u00e7\u0131kan geli\u015fmeler: Filistin direni\u015fi, \u0130srail&#8217;in Gazze \u015eeridi&#8217;ndeki i\u015fgal katliamlar\u0131na tepki olarak i\u015fgal alt\u0131ndaki A\u015fdod \u015fehrini ve &#8220;Gan Yavne&#8221; yerle\u015fimini f\u00fcze bombard\u0131man\u0131yla hedef ald\u0131. \u0130\u015fgalin son 24 saatte ger\u00e7ekle\u015ftirdi\u011fi katliamlar sonucu 33 \u015fehit. Filistin Sa\u011fl\u0131k Bakanl\u0131\u011f\u0131: \u0130srail i\u015fgalinin &hellip;<\/p>\n","protected":false},"author":39,"featured_media":306082,"comment_status":"closed","ping_status":"closed","sticky":false,"template":"","format":"standard","meta":{"footnotes":""},"categories":[458,459,17988],"tags":[],"class_list":["post-306080","post","type-post","status-publish","format-standard","has-post-thumbnail","","category-dunya1","category-haberler-arap-uluslararasi-politika","category-son-haberler"],"_links":{"self":[{"href":"https:\/\/archive.sana.sy\/tr\/index.php?rest_route=\/wp\/v2\/posts\/306080","targetHints":{"allow":["GET"]}}],"collection":[{"href":"https:\/\/archive.sana.sy\/tr\/index.php?rest_route=\/wp\/v2\/posts"}],"about":[{"href":"https:\/\/archive.sana.sy\/tr\/index.php?rest_route=\/wp\/v2\/types\/post"}],"author":[{"embeddable":true,"href":"https:\/\/archive.sana.sy\/tr\/index.php?rest_route=\/wp\/v2\/users\/39"}],"replies":[{"embeddable":true,"href":"https:\/\/archive.sana.sy\/tr\/index.php?rest_route=%2Fwp%2Fv2%2Fcomments&post=306080"}],"version-history":[{"count":3,"href":"https:\/\/archive.sana.sy\/tr\/index.php?rest_route=\/wp\/v2\/posts\/306080\/revisions"}],"predecessor-version":[{"id":306120,"href":"https:\/\/archive.sana.sy\/tr\/index.php?rest_route=\/wp\/v2\/posts\/306080\/revisions\/306120"}],"wp:featuredmedia":[{"embeddable":true,"href":"https:\/\/archive.sana.sy\/tr\/index.php?rest_route=\/wp\/v2\/media\/306082"}],"wp:attachment":[{"href":"https:\/\/archive.sana.sy\/tr\/index.php?rest_route=%2Fwp%2Fv2%2Fmedia&parent=306080"}],"wp:term":[{"taxonomy":"category","embeddable":true,"href":"https:\/\/archive.sana.sy\/tr\/index.php?rest_route=%2Fwp%2Fv2%2Fcategories&post=306080"},{"taxonomy":"post_tag","embeddable":true,"href":"https:\/\/archive.sana.sy\/tr\/index.php?rest_route=%2Fwp%2Fv2%2Ftags&post=306080"}],"curies":[{"name":"wp","href":"https:\/\/api.w.org\/{rel}","templated":true}]}}