{"id":306084,"date":"2024-08-04T05:33:03","date_gmt":"2024-08-04T02:33:03","guid":{"rendered":"https:\/\/sana.sy\/tr\/?p=306084"},"modified":"2024-08-05T11:31:20","modified_gmt":"2024-08-05T08:31:20","slug":"lubnan-direnisi-ilk-kez-isgal-edilen-filistinin-kuzeyindeki-beyt-hillal-yerlesimini-onlarca-fuzeyle-hedef-aldi","status":"publish","type":"post","link":"https:\/\/archive.sana.sy\/tr\/?p=306084","title":{"rendered":"L\u00fcbnan Direni\u015fi \u0130lk Kez \u0130\u015fgal Edilen Filistin&#8217;in Kuzeyindeki Beyt Hillal Yerle\u015fimini Onlarca F\u00fczeyle Hedef Ald\u0131"},"content":{"rendered":"<p style=\"text-align: justify;\"><strong>BEYRUT (SANA)<\/strong> \u2013 L\u00fcbnan direni\u015fi, d\u00fc\u015fman \u0130srail&#8217;in g\u00fcney k\u00f6ylerine y\u00f6nelik sald\u0131rganl\u0131klar\u0131na yan\u0131t olarak i\u015fgal edilen Filistin&#8217;in kuzeyindeki &#8220;Beyt Hllal&#8221; yerle\u015fimini onlarca Katyu\u015fa f\u00fczeyle hedef ald\u0131.<\/p>\n<p style=\"text-align: justify;\">L\u00fcbnan Direni\u015fi, yapt\u0131\u011f\u0131 a\u00e7\u0131klamada, \u201cGazze \u015eeridi&#8217;ndeki kararl\u0131 Filistin halk\u0131m\u0131z\u0131 ve onlar\u0131n yi\u011fit ve onurlu direni\u015fini desteklemek i\u00e7in ve d\u00fc\u015fman \u0130srail&#8217;in g\u00fcneydeki kararl\u0131 k\u00f6ylere ve g\u00fcvenli evlere y\u00f6nelik sald\u0131rganl\u0131klar\u0131na, \u00f6zellikle Kfrkiyle ve Deyr Seryan k\u00f6ylerini hedef alan sald\u0131rganl\u0131klara ve sivillerin yaralanmas\u0131na tepki olarak, direni\u015f, Beyt Hllal yerle\u015fimini de bombalama program\u0131na dahil ederek ilk kez onlarca Katyu\u015fa f\u00fczeyle bombalad\u0131&#8221; dedi.<\/p>\n<p style=\"text-align: center;\"><strong><a href=\"https:\/\/t.me\/SuriyeArapHaberAjansI\">Telegram Kanal\u0131m\u0131z\u00a0<\/a>||<a href=\"https:\/\/twitter.com\/arap_ajans\">X Platformumuz\u00a0<\/a>||<a href=\"https:\/\/www.facebook.com\/SANAHaberAjansi\/\">Facebook Sayfam\u0131z<\/a><\/strong><\/p>\n","protected":false},"excerpt":{"rendered":"<p>BEYRUT (SANA) \u2013 L\u00fcbnan direni\u015fi, d\u00fc\u015fman \u0130srail&#8217;in g\u00fcney k\u00f6ylerine y\u00f6nelik sald\u0131rganl\u0131klar\u0131na yan\u0131t olarak i\u015fgal edilen Filistin&#8217;in kuzeyindeki &#8220;Beyt Hllal&#8221; yerle\u015fimini onlarca Katyu\u015fa f\u00fczeyle hedef ald\u0131. L\u00fcbnan Direni\u015fi, yapt\u0131\u011f\u0131 a\u00e7\u0131klamada, \u201cGazze \u015eeridi&#8217;ndeki kararl\u0131 Filistin halk\u0131m\u0131z\u0131 ve onlar\u0131n yi\u011fit ve onurlu direni\u015fini desteklemek i\u00e7in ve d\u00fc\u015fman \u0130srail&#8217;in g\u00fcneydeki kararl\u0131 k\u00f6ylere ve g\u00fcvenli evlere y\u00f6nelik sald\u0131rganl\u0131klar\u0131na, \u00f6zellikle Kfrkiyle &hellip;<\/p>\n","protected":false},"author":39,"featured_media":306085,"comment_status":"closed","ping_status":"closed","sticky":false,"template":"","format":"standard","meta":{"footnotes":""},"categories":[458,459,17988],"tags":[],"class_list":["post-306084","post","type-post","status-publish","format-standard","has-post-thumbnail","","category-dunya1","category-haberler-arap-uluslararasi-politika","category-son-haberler"],"_links":{"self":[{"href":"https:\/\/archive.sana.sy\/tr\/index.php?rest_route=\/wp\/v2\/posts\/306084","targetHints":{"allow":["GET"]}}],"collection":[{"href":"https:\/\/archive.sana.sy\/tr\/index.php?rest_route=\/wp\/v2\/posts"}],"about":[{"href":"https:\/\/archive.sana.sy\/tr\/index.php?rest_route=\/wp\/v2\/types\/post"}],"author":[{"embeddable":true,"href":"https:\/\/archive.sana.sy\/tr\/index.php?rest_route=\/wp\/v2\/users\/39"}],"replies":[{"embeddable":true,"href":"https:\/\/archive.sana.sy\/tr\/index.php?rest_route=%2Fwp%2Fv2%2Fcomments&post=306084"}],"version-history":[{"count":5,"href":"https:\/\/archive.sana.sy\/tr\/index.php?rest_route=\/wp\/v2\/posts\/306084\/revisions"}],"predecessor-version":[{"id":306090,"href":"https:\/\/archive.sana.sy\/tr\/index.php?rest_route=\/wp\/v2\/posts\/306084\/revisions\/306090"}],"wp:featuredmedia":[{"embeddable":true,"href":"https:\/\/archive.sana.sy\/tr\/index.php?rest_route=\/wp\/v2\/media\/306085"}],"wp:attachment":[{"href":"https:\/\/archive.sana.sy\/tr\/index.php?rest_route=%2Fwp%2Fv2%2Fmedia&parent=306084"}],"wp:term":[{"taxonomy":"category","embeddable":true,"href":"https:\/\/archive.sana.sy\/tr\/index.php?rest_route=%2Fwp%2Fv2%2Fcategories&post=306084"},{"taxonomy":"post_tag","embeddable":true,"href":"https:\/\/archive.sana.sy\/tr\/index.php?rest_route=%2Fwp%2Fv2%2Ftags&post=306084"}],"curies":[{"name":"wp","href":"https:\/\/api.w.org\/{rel}","templated":true}]}}