{"id":306094,"date":"2024-08-04T13:08:42","date_gmt":"2024-08-04T10:08:42","guid":{"rendered":"https:\/\/sana.sy\/tr\/?p=306094"},"modified":"2024-08-05T11:31:53","modified_gmt":"2024-08-05T08:31:53","slug":"suriye-katilimiyla-islam-dunyasi-ulkelerindeki-vakiflar-bakanlarinin-dokuzuncu-konferansi-suudi-arabistanda-basladi","status":"publish","type":"post","link":"https:\/\/archive.sana.sy\/tr\/?p=306094","title":{"rendered":"Suriye&#8217;nin Kat\u0131l\u0131m\u0131yla&#8230; \u0130slam D\u00fcnyas\u0131 \u00dclkelerindeki Vak\u0131flar Bakanlar\u0131n\u0131n Dokuzuncu Konferans\u0131 Suudi Arabistan&#8217;da Ba\u015flad\u0131"},"content":{"rendered":"<p style=\"text-align: justify;\"><strong>R\u0130YAD (SANA) \u2013<\/strong> Vak\u0131flar Bakan\u0131 Muhammed Abd\u00fclsettar El Seyyed&#8217;in kat\u0131l\u0131m\u0131yla&#8230; \u0130slam D\u00fcnyas\u0131 Dokuzuncu Evkaf ve \u0130slam \u0130\u015fleri Bakanlar\u0131 Konferans\u0131&#8217;n\u0131n \u00e7al\u0131\u015fmalar\u0131 bug\u00fcn Suudi Arabistan&#8217;\u0131n Mekke \u015fehrinde (Vak\u0131flar ve \u0130slami \u0130\u015fler Bakanl\u0131klar\u0131n\u0131n itidal ilkelerini te\u015fvik etme ve itidal de\u011ferlerini peki\u015ftirmedeki rol\u00fc) ba\u015fl\u0131\u011f\u0131yla ba\u015flad\u0131.<\/p>\n<p style=\"text-align: justify;\">Konferansa \u00e7ok say\u0131da vak\u0131f bakan\u0131n\u0131n, 250 \u0130slami \u015fahsiyet ve \u0130slam d\u00fcnyas\u0131ndan 62 \u00fclke kat\u0131ld\u0131.<\/p>\n<p style=\"text-align: justify;\">Konferans, \u0130slam \u00fclkeleri aras\u0131ndaki dayan\u0131\u015fman\u0131n yan\u0131 s\u0131ra ba\u011f\u0131\u015f, savunuculuk, rehberlik ve a\u015f\u0131r\u0131l\u0131k ve a\u015f\u0131r\u0131c\u0131l\u0131k kar\u015f\u0131s\u0131nda \u0130slam&#8217;\u0131n do\u011fru anla\u015f\u0131lmas\u0131na adanm\u0131\u015fl\u0131k alanlar\u0131nda \u00fcye \u00fclkeler aras\u0131nda koordinasyon ve i\u015fbirli\u011fini g\u00fc\u00e7lendirmeyi ve \u00fcye devletler aras\u0131ndaki konumlar\u0131, merkezcilik ve \u0131l\u0131ml\u0131l\u0131\u011f\u0131 sa\u011flayacak ve toplumlar\u0131n ve halklar\u0131n istikrar\u0131n\u0131 koruyacak \u015fekilde \u0130slam d\u00fcnyas\u0131 \u00fclkelerinde vatanda\u015fl\u0131\u011f\u0131n g\u00fc\u00e7lendirilmesine katk\u0131da bulunacak \u015fekilde dini i\u015fbirli\u011fi ad\u0131na koordine etmeyi ama\u00e7l\u0131yor.<\/p>\n<p style=\"text-align: center;\"><strong><a href=\"https:\/\/t.me\/SuriyeArapHaberAjansI\">Telegram Kanal\u0131m\u0131z\u00a0<\/a>||<a href=\"https:\/\/twitter.com\/arap_ajans\">X Platformumuz\u00a0<\/a>||<a href=\"https:\/\/www.facebook.com\/SANAHaberAjansi\/\">Facebook Sayfam\u0131z<\/a><\/strong><\/p>\n","protected":false},"excerpt":{"rendered":"<p>R\u0130YAD (SANA) \u2013 Vak\u0131flar Bakan\u0131 Muhammed Abd\u00fclsettar El Seyyed&#8217;in kat\u0131l\u0131m\u0131yla&#8230; \u0130slam D\u00fcnyas\u0131 Dokuzuncu Evkaf ve \u0130slam \u0130\u015fleri Bakanlar\u0131 Konferans\u0131&#8217;n\u0131n \u00e7al\u0131\u015fmalar\u0131 bug\u00fcn Suudi Arabistan&#8217;\u0131n Mekke \u015fehrinde (Vak\u0131flar ve \u0130slami \u0130\u015fler Bakanl\u0131klar\u0131n\u0131n itidal ilkelerini te\u015fvik etme ve itidal de\u011ferlerini peki\u015ftirmedeki rol\u00fc) ba\u015fl\u0131\u011f\u0131yla ba\u015flad\u0131. Konferansa \u00e7ok say\u0131da vak\u0131f bakan\u0131n\u0131n, 250 \u0130slami \u015fahsiyet ve \u0130slam d\u00fcnyas\u0131ndan 62 \u00fclke kat\u0131ld\u0131. &hellip;<\/p>\n","protected":false},"author":39,"featured_media":306095,"comment_status":"closed","ping_status":"closed","sticky":false,"template":"","format":"standard","meta":{"footnotes":""},"categories":[458,459,17988],"tags":[],"class_list":["post-306094","post","type-post","status-publish","format-standard","has-post-thumbnail","","category-dunya1","category-haberler-arap-uluslararasi-politika","category-son-haberler"],"_links":{"self":[{"href":"https:\/\/archive.sana.sy\/tr\/index.php?rest_route=\/wp\/v2\/posts\/306094","targetHints":{"allow":["GET"]}}],"collection":[{"href":"https:\/\/archive.sana.sy\/tr\/index.php?rest_route=\/wp\/v2\/posts"}],"about":[{"href":"https:\/\/archive.sana.sy\/tr\/index.php?rest_route=\/wp\/v2\/types\/post"}],"author":[{"embeddable":true,"href":"https:\/\/archive.sana.sy\/tr\/index.php?rest_route=\/wp\/v2\/users\/39"}],"replies":[{"embeddable":true,"href":"https:\/\/archive.sana.sy\/tr\/index.php?rest_route=%2Fwp%2Fv2%2Fcomments&post=306094"}],"version-history":[{"count":3,"href":"https:\/\/archive.sana.sy\/tr\/index.php?rest_route=\/wp\/v2\/posts\/306094\/revisions"}],"predecessor-version":[{"id":306098,"href":"https:\/\/archive.sana.sy\/tr\/index.php?rest_route=\/wp\/v2\/posts\/306094\/revisions\/306098"}],"wp:featuredmedia":[{"embeddable":true,"href":"https:\/\/archive.sana.sy\/tr\/index.php?rest_route=\/wp\/v2\/media\/306095"}],"wp:attachment":[{"href":"https:\/\/archive.sana.sy\/tr\/index.php?rest_route=%2Fwp%2Fv2%2Fmedia&parent=306094"}],"wp:term":[{"taxonomy":"category","embeddable":true,"href":"https:\/\/archive.sana.sy\/tr\/index.php?rest_route=%2Fwp%2Fv2%2Fcategories&post=306094"},{"taxonomy":"post_tag","embeddable":true,"href":"https:\/\/archive.sana.sy\/tr\/index.php?rest_route=%2Fwp%2Fv2%2Ftags&post=306094"}],"curies":[{"name":"wp","href":"https:\/\/api.w.org\/{rel}","templated":true}]}}