{"id":306113,"date":"2024-08-04T05:20:33","date_gmt":"2024-08-04T02:20:33","guid":{"rendered":"https:\/\/sana.sy\/tr\/?p=306113"},"modified":"2024-08-05T11:31:15","modified_gmt":"2024-08-05T08:31:15","slug":"urdun-uluslararasi-sampiyonasinda-suriye-tekvandosuna-12-farkli-madalya","status":"publish","type":"post","link":"https:\/\/archive.sana.sy\/tr\/?p=306113","title":{"rendered":"\u00dcrd\u00fcn Uluslararas\u0131 \u015eampiyonas\u0131&#8217;nda Suriye Tekvandosu&#8217;na 12 Farkl\u0131 Madalya"},"content":{"rendered":"<p style=\"text-align: justify;\"><strong>AMMAN (SANA)<\/strong> &#8211; Suriye Tekvando tak\u0131m\u0131, bug\u00fcn t\u00fcm kategorilerde geni\u015f Arap kat\u0131l\u0131m\u0131yla m\u00fcsabakalar\u0131n\u0131 tamamlayan \u00dcrd\u00fcn Uluslararas\u0131 \u015eampiyonas\u0131&#8217;nda 2 alt\u0131n, 1 g\u00fcm\u00fc\u015f ve 9 bronz olmak \u00fczere 12 madalya kazand\u0131.<\/p>\n<p style=\"text-align: justify;\">Ayr\u0131nt\u0131l\u0131 olarak, kendi kategorisinde d\u00f6v\u00fc\u015f yar\u0131\u015fmalar\u0131nda Muhammed Halid Derki alt\u0131n, Boumsia&#8217;da Falak Abdufattah alt\u0131n, Eva Abdi ise d\u00f6v\u00fc\u015f yar\u0131\u015fmalar\u0131nda g\u00fcm\u00fc\u015f madalya kazand\u0131.<\/p>\n<p style=\"text-align: justify;\">Takm\u0131m\u0131z Boumsia\u2019da El Zahraa El Arfi, Ahmed El \u015eeyhih, Ali El Muhammed, Elaf Hassan, Bahir El Abbas, Ibrahim Hissam, Falak Hac Fattah, Ali Assad ve Alaa El H\u00fcseyin \u00a0ile tak\u0131m\u0131m\u0131z 9 bronz madalya elde etti.<\/p>\n<p style=\"text-align: center;\"><strong><a href=\"https:\/\/t.me\/SuriyeArapHaberAjansI\">Telegram Kanal\u0131m\u0131z\u00a0<\/a>||<a href=\"https:\/\/twitter.com\/arap_ajans\">X Platformumuz\u00a0<\/a>||<a href=\"https:\/\/www.facebook.com\/SANAHaberAjansi\/\">Facebook Sayfam\u0131z<\/a><\/strong><\/p>\n","protected":false},"excerpt":{"rendered":"<p>AMMAN (SANA) &#8211; Suriye Tekvando tak\u0131m\u0131, bug\u00fcn t\u00fcm kategorilerde geni\u015f Arap kat\u0131l\u0131m\u0131yla m\u00fcsabakalar\u0131n\u0131 tamamlayan \u00dcrd\u00fcn Uluslararas\u0131 \u015eampiyonas\u0131&#8217;nda 2 alt\u0131n, 1 g\u00fcm\u00fc\u015f ve 9 bronz olmak \u00fczere 12 madalya kazand\u0131. Ayr\u0131nt\u0131l\u0131 olarak, kendi kategorisinde d\u00f6v\u00fc\u015f yar\u0131\u015fmalar\u0131nda Muhammed Halid Derki alt\u0131n, Boumsia&#8217;da Falak Abdufattah alt\u0131n, Eva Abdi ise d\u00f6v\u00fc\u015f yar\u0131\u015fmalar\u0131nda g\u00fcm\u00fc\u015f madalya kazand\u0131. Takm\u0131m\u0131z Boumsia\u2019da El Zahraa &hellip;<\/p>\n","protected":false},"author":41,"featured_media":306115,"comment_status":"closed","ping_status":"closed","sticky":false,"template":"","format":"standard","meta":{"footnotes":""},"categories":[458,498,459,17988,496],"tags":[42074],"class_list":["post-306113","post","type-post","status-publish","format-standard","has-post-thumbnail","","category-dunya1","category-dunya-turnuvalari","category-haberler-arap-uluslararasi-politika","category-son-haberler","category-spor","tag-urdun-uluslararasi-sampiyonasinda-suriye-tekvandosuna-12-farkli-madalya"],"_links":{"self":[{"href":"https:\/\/archive.sana.sy\/tr\/index.php?rest_route=\/wp\/v2\/posts\/306113","targetHints":{"allow":["GET"]}}],"collection":[{"href":"https:\/\/archive.sana.sy\/tr\/index.php?rest_route=\/wp\/v2\/posts"}],"about":[{"href":"https:\/\/archive.sana.sy\/tr\/index.php?rest_route=\/wp\/v2\/types\/post"}],"author":[{"embeddable":true,"href":"https:\/\/archive.sana.sy\/tr\/index.php?rest_route=\/wp\/v2\/users\/41"}],"replies":[{"embeddable":true,"href":"https:\/\/archive.sana.sy\/tr\/index.php?rest_route=%2Fwp%2Fv2%2Fcomments&post=306113"}],"version-history":[{"count":1,"href":"https:\/\/archive.sana.sy\/tr\/index.php?rest_route=\/wp\/v2\/posts\/306113\/revisions"}],"predecessor-version":[{"id":306114,"href":"https:\/\/archive.sana.sy\/tr\/index.php?rest_route=\/wp\/v2\/posts\/306113\/revisions\/306114"}],"wp:featuredmedia":[{"embeddable":true,"href":"https:\/\/archive.sana.sy\/tr\/index.php?rest_route=\/wp\/v2\/media\/306115"}],"wp:attachment":[{"href":"https:\/\/archive.sana.sy\/tr\/index.php?rest_route=%2Fwp%2Fv2%2Fmedia&parent=306113"}],"wp:term":[{"taxonomy":"category","embeddable":true,"href":"https:\/\/archive.sana.sy\/tr\/index.php?rest_route=%2Fwp%2Fv2%2Fcategories&post=306113"},{"taxonomy":"post_tag","embeddable":true,"href":"https:\/\/archive.sana.sy\/tr\/index.php?rest_route=%2Fwp%2Fv2%2Ftags&post=306113"}],"curies":[{"name":"wp","href":"https:\/\/api.w.org\/{rel}","templated":true}]}}