{"id":306121,"date":"2024-08-04T09:47:05","date_gmt":"2024-08-04T06:47:05","guid":{"rendered":"https:\/\/sana.sy\/tr\/?p=306121"},"modified":"2024-08-05T13:15:04","modified_gmt":"2024-08-05T10:15:04","slug":"lubnan-direnisi-israilin-iki-dusman-bolgesini-hedef-aldi-4","status":"publish","type":"post","link":"https:\/\/archive.sana.sy\/tr\/?p=306121","title":{"rendered":"L\u00fcbnan Direni\u015fi \u0130srail&#8217;in \u0130ki D\u00fc\u015fman B\u00f6lgesini Hedef Ald\u0131"},"content":{"rendered":"<p style=\"text-align: justify;\"><strong>BEYRUT (SANA)<\/strong> &#8211;\u00a0 L\u00fcbnan direni\u015fi, i\u015fgal edilen L\u00fcbnan topraklar\u0131ndaki Birkat Risha sahas\u0131ndaki d\u00fc\u015fman \u0130srail&#8217;i hedef ald\u0131.<\/p>\n<p style=\"text-align: justify;\">Direni\u015f bug\u00fcn yapt\u0131\u011f\u0131 a\u00e7\u0131klamada, sava\u015f\u00e7\u0131lar\u0131n\u0131n Birkat Ri\u015fa b\u00f6lgesini top mermileriyle hedef ald\u0131\u011f\u0131n\u0131 ve do\u011frudan isabet elde etti\u011fini s\u00f6yledi. \u200f<\/p>\n<p style=\"text-align: justify;\">Direni\u015f ayr\u0131ca, bir ba\u015fka a\u00e7\u0131klamas\u0131nda, i\u015fgal alt\u0131ndaki Filistin&#8217;in kuzeyindeki El Manara sahas\u0131nda \u0130srail d\u00fc\u015fman askerlerini f\u00fcze silahlar\u0131yla hedef ald\u0131\u011f\u0131n\u0131 ve do\u011frudan isabet elde etti\u011fini belirtti.<\/p>\n<p style=\"text-align: justify;\">Direni\u015f, yapt\u0131\u011f\u0131 iki a\u00e7\u0131klamada, bu operasyonlar\u0131n Gazze \u015eeridi&#8217;ndeki kararl\u0131 Filistin halk\u0131na destek ve onlar\u0131n yi\u011fit direni\u015fine destek \u00e7er\u00e7evesinde ger\u00e7ekle\u015fti\u011fini da vurgulad\u0131.<\/p>\n<p style=\"text-align: center;\"><strong><a href=\"https:\/\/t.me\/SuriyeArapHaberAjansI\">Telegram Kanal\u0131m\u0131z\u00a0<\/a>||<a href=\"https:\/\/twitter.com\/arap_ajans\">X Platformumuz\u00a0<\/a>||<a href=\"https:\/\/www.facebook.com\/SANAHaberAjansi\/\">Facebook Sayfam\u0131z<\/a><\/strong><\/p>\n","protected":false},"excerpt":{"rendered":"<p>BEYRUT (SANA) &#8211;\u00a0 L\u00fcbnan direni\u015fi, i\u015fgal edilen L\u00fcbnan topraklar\u0131ndaki Birkat Risha sahas\u0131ndaki d\u00fc\u015fman \u0130srail&#8217;i hedef ald\u0131. Direni\u015f bug\u00fcn yapt\u0131\u011f\u0131 a\u00e7\u0131klamada, sava\u015f\u00e7\u0131lar\u0131n\u0131n Birkat Ri\u015fa b\u00f6lgesini top mermileriyle hedef ald\u0131\u011f\u0131n\u0131 ve do\u011frudan isabet elde etti\u011fini s\u00f6yledi. \u200f Direni\u015f ayr\u0131ca, bir ba\u015fka a\u00e7\u0131klamas\u0131nda, i\u015fgal alt\u0131ndaki Filistin&#8217;in kuzeyindeki El Manara sahas\u0131nda \u0130srail d\u00fc\u015fman askerlerini f\u00fcze silahlar\u0131yla hedef ald\u0131\u011f\u0131n\u0131 ve &hellip;<\/p>\n","protected":false},"author":41,"featured_media":306122,"comment_status":"closed","ping_status":"closed","sticky":false,"template":"","format":"standard","meta":{"footnotes":""},"categories":[458,459,17988],"tags":[38670],"class_list":["post-306121","post","type-post","status-publish","format-standard","has-post-thumbnail","","category-dunya1","category-haberler-arap-uluslararasi-politika","category-son-haberler","tag-lubnanda-son-gelismeler"],"_links":{"self":[{"href":"https:\/\/archive.sana.sy\/tr\/index.php?rest_route=\/wp\/v2\/posts\/306121","targetHints":{"allow":["GET"]}}],"collection":[{"href":"https:\/\/archive.sana.sy\/tr\/index.php?rest_route=\/wp\/v2\/posts"}],"about":[{"href":"https:\/\/archive.sana.sy\/tr\/index.php?rest_route=\/wp\/v2\/types\/post"}],"author":[{"embeddable":true,"href":"https:\/\/archive.sana.sy\/tr\/index.php?rest_route=\/wp\/v2\/users\/41"}],"replies":[{"embeddable":true,"href":"https:\/\/archive.sana.sy\/tr\/index.php?rest_route=%2Fwp%2Fv2%2Fcomments&post=306121"}],"version-history":[{"count":2,"href":"https:\/\/archive.sana.sy\/tr\/index.php?rest_route=\/wp\/v2\/posts\/306121\/revisions"}],"predecessor-version":[{"id":306131,"href":"https:\/\/archive.sana.sy\/tr\/index.php?rest_route=\/wp\/v2\/posts\/306121\/revisions\/306131"}],"wp:featuredmedia":[{"embeddable":true,"href":"https:\/\/archive.sana.sy\/tr\/index.php?rest_route=\/wp\/v2\/media\/306122"}],"wp:attachment":[{"href":"https:\/\/archive.sana.sy\/tr\/index.php?rest_route=%2Fwp%2Fv2%2Fmedia&parent=306121"}],"wp:term":[{"taxonomy":"category","embeddable":true,"href":"https:\/\/archive.sana.sy\/tr\/index.php?rest_route=%2Fwp%2Fv2%2Fcategories&post=306121"},{"taxonomy":"post_tag","embeddable":true,"href":"https:\/\/archive.sana.sy\/tr\/index.php?rest_route=%2Fwp%2Fv2%2Ftags&post=306121"}],"curies":[{"name":"wp","href":"https:\/\/api.w.org\/{rel}","templated":true}]}}