{"id":306124,"date":"2024-08-04T10:45:00","date_gmt":"2024-08-04T07:45:00","guid":{"rendered":"https:\/\/sana.sy\/tr\/?p=306124"},"modified":"2024-08-05T11:31:30","modified_gmt":"2024-08-05T08:31:30","slug":"isgalin-gazzedeki-yeni-katliaminda-30-sehit","status":"publish","type":"post","link":"https:\/\/archive.sana.sy\/tr\/?p=306124","title":{"rendered":"\u0130\u015fgalin Gazze&#8217;deki Yeni Katliam\u0131nda 30 \u015eehit"},"content":{"rendered":"<p style=\"text-align: justify;\"><strong>\u0130\u015eGAL ED\u0130LEN KUD\u00dcS (SANA) \u2013<\/strong> I\u015fgalci \u0130srail, Gazze \u015eeridi&#8217;ne y\u00f6nelik 303&#8217;\u00fcnc\u00fc g\u00fcn\u00fcnde s\u00fcrd\u00fcrd\u00fc\u011f\u00fc sald\u0131r\u0131 kapsam\u0131nda bu \u00f6\u011fleden sonra Gazze&#8217;de 30 \u015fehit ve onlarca yaral\u0131n\u0131n oldu\u011fu yeni bir katliam ger\u00e7ekle\u015ftirdi.<\/p>\n<p style=\"text-align: justify;\">Wafa Ajans\u0131, Gazze \u015fehrinin bat\u0131s\u0131ndaki El Nasir mahallesindeki El Nasir ve Hasan Seleme okullar\u0131na y\u00f6nelik i\u015fgal bombard\u0131man\u0131 sonucu aralar\u0131nda \u00e7ocuk ve kad\u0131nlar\u0131n da bulundu\u011fu 30 Filistinlinin \u015fehit oldu\u011funu, \u00e7ok say\u0131da ki\u015finin de yaraland\u0131\u011f\u0131n\u0131 bildirdi.<\/p>\n<p style=\"text-align: justify;\">Filistin K\u0131z\u0131lay\u0131 ambulans ekipleri, i\u015fgal kuvvetlerinin Gazze \u015fehrinin g\u00fcneydo\u011fusundaki El Zaytun mahallesinde bir grup Filistinliyi bombalamas\u0131 sonucu \u015fehit olan iki Filistinlinin cenazesine ula\u015ft\u0131.<\/p>\n<p style=\"text-align: center;\"><strong><a href=\"https:\/\/t.me\/SuriyeArapHaberAjansI\">Telegram Kanal\u0131m\u0131z\u00a0<\/a>||<a href=\"https:\/\/twitter.com\/arap_ajans\">X Platformumuz\u00a0<\/a>||<a href=\"https:\/\/www.facebook.com\/SANAHaberAjansi\/\">Facebook Sayfam\u0131z<\/a><\/strong><\/p>\n","protected":false},"excerpt":{"rendered":"<p>\u0130\u015eGAL ED\u0130LEN KUD\u00dcS (SANA) \u2013 I\u015fgalci \u0130srail, Gazze \u015eeridi&#8217;ne y\u00f6nelik 303&#8217;\u00fcnc\u00fc g\u00fcn\u00fcnde s\u00fcrd\u00fcrd\u00fc\u011f\u00fc sald\u0131r\u0131 kapsam\u0131nda bu \u00f6\u011fleden sonra Gazze&#8217;de 30 \u015fehit ve onlarca yaral\u0131n\u0131n oldu\u011fu yeni bir katliam ger\u00e7ekle\u015ftirdi. Wafa Ajans\u0131, Gazze \u015fehrinin bat\u0131s\u0131ndaki El Nasir mahallesindeki El Nasir ve Hasan Seleme okullar\u0131na y\u00f6nelik i\u015fgal bombard\u0131man\u0131 sonucu aralar\u0131nda \u00e7ocuk ve kad\u0131nlar\u0131n da bulundu\u011fu 30 Filistinlinin &hellip;<\/p>\n","protected":false},"author":41,"featured_media":306125,"comment_status":"closed","ping_status":"closed","sticky":false,"template":"","format":"standard","meta":{"footnotes":""},"categories":[458,459,17988],"tags":[42076],"class_list":["post-306124","post","type-post","status-publish","format-standard","has-post-thumbnail","","category-dunya1","category-haberler-arap-uluslararasi-politika","category-son-haberler","tag-isgalin-gazzedeki-yeni-katliaminda-30-sehit"],"_links":{"self":[{"href":"https:\/\/archive.sana.sy\/tr\/index.php?rest_route=\/wp\/v2\/posts\/306124","targetHints":{"allow":["GET"]}}],"collection":[{"href":"https:\/\/archive.sana.sy\/tr\/index.php?rest_route=\/wp\/v2\/posts"}],"about":[{"href":"https:\/\/archive.sana.sy\/tr\/index.php?rest_route=\/wp\/v2\/types\/post"}],"author":[{"embeddable":true,"href":"https:\/\/archive.sana.sy\/tr\/index.php?rest_route=\/wp\/v2\/users\/41"}],"replies":[{"embeddable":true,"href":"https:\/\/archive.sana.sy\/tr\/index.php?rest_route=%2Fwp%2Fv2%2Fcomments&post=306124"}],"version-history":[{"count":1,"href":"https:\/\/archive.sana.sy\/tr\/index.php?rest_route=\/wp\/v2\/posts\/306124\/revisions"}],"predecessor-version":[{"id":306126,"href":"https:\/\/archive.sana.sy\/tr\/index.php?rest_route=\/wp\/v2\/posts\/306124\/revisions\/306126"}],"wp:featuredmedia":[{"embeddable":true,"href":"https:\/\/archive.sana.sy\/tr\/index.php?rest_route=\/wp\/v2\/media\/306125"}],"wp:attachment":[{"href":"https:\/\/archive.sana.sy\/tr\/index.php?rest_route=%2Fwp%2Fv2%2Fmedia&parent=306124"}],"wp:term":[{"taxonomy":"category","embeddable":true,"href":"https:\/\/archive.sana.sy\/tr\/index.php?rest_route=%2Fwp%2Fv2%2Fcategories&post=306124"},{"taxonomy":"post_tag","embeddable":true,"href":"https:\/\/archive.sana.sy\/tr\/index.php?rest_route=%2Fwp%2Fv2%2Ftags&post=306124"}],"curies":[{"name":"wp","href":"https:\/\/api.w.org\/{rel}","templated":true}]}}