{"id":306161,"date":"2024-08-05T11:22:17","date_gmt":"2024-08-05T08:22:17","guid":{"rendered":"https:\/\/sana.sy\/tr\/?p=306161"},"modified":"2024-08-07T08:05:09","modified_gmt":"2024-08-07T05:05:09","slug":"dusman-israilin-lubnanin-guneyindeki-meys-el-cebele-yonelik-saldirganligi-sonucu-iki-kisi-sehit-dustu-cok-sayida-kisi-de-yaralandi","status":"publish","type":"post","link":"https:\/\/archive.sana.sy\/tr\/?p=306161","title":{"rendered":"D\u00fc\u015fman \u0130srail&#8217;in L\u00fcbnan&#8217;\u0131n G\u00fcneyindeki Meys El Cebel&#8217;e Y\u00f6nelik Sald\u0131rganl\u0131\u011f\u0131 Sonucu \u0130ki Ki\u015fi \u015eehit D\u00fc\u015ft\u00fc, \u00c7ok Say\u0131da Ki\u015fi De Yaraland\u0131"},"content":{"rendered":"<p style=\"text-align: justify;\"><strong>BEYRUT (SANA) \u2013<\/strong> D\u00fc\u015fman \u0130srail&#8217;e ait bir insans\u0131z hava arac\u0131n\u0131n L\u00fcbnan&#8217;\u0131n g\u00fcneyindeki Meys El Cebel kasabas\u0131ndaki El Cebene \u00e7evresini hedef almas\u0131 sonucu 2 L\u00fcbnanl\u0131 \u015fehit d\u00fc\u015ft\u00fc, \u00e7ok say\u0131da ki\u015fi de yaraland\u0131.<\/p>\n<p style=\"text-align: justify;\">L\u00fcbnan Sa\u011fl\u0131k Bakanl\u0131\u011f\u0131 Kamu Sa\u011fl\u0131\u011f\u0131 Acil Durum Operasyon Merkezi&#8217;nden yap\u0131lan a\u00e7\u0131klamada, \u0130srail&#8217;in Cebbene kasabas\u0131 yak\u0131nlar\u0131nda ger\u00e7ekle\u015ftirdi\u011fi hava sald\u0131r\u0131s\u0131n\u0131n 2 ki\u015finin \u015fehit d\u00fc\u015fmesine ve \u00e7ok say\u0131da yaralanmaya yol a\u00e7t\u0131\u011f\u0131 belirtildi.<\/p>\n<p style=\"text-align: justify;\">L\u00fcbnan Ulusal Haber Ajans\u0131, \u015fehitlerden birinin \u0130slami Mesaj \u0130zcileri Derne\u011fi&#8217;nde g\u00f6revli sa\u011fl\u0131k g\u00f6revlisi oldu\u011funa i\u015faret etti.<\/p>\n<p style=\"text-align: center;\"><strong><a href=\"https:\/\/t.me\/SuriyeArapHaberAjansI\">Telegram Kanal\u0131m\u0131z\u00a0<\/a>||<a href=\"https:\/\/twitter.com\/arap_ajans\">X Platformumuz\u00a0<\/a>||<a href=\"https:\/\/www.facebook.com\/SANAHaberAjansi\/\">Facebook Sayfam\u0131z<\/a><\/strong><\/p>\n","protected":false},"excerpt":{"rendered":"<p>BEYRUT (SANA) \u2013 D\u00fc\u015fman \u0130srail&#8217;e ait bir insans\u0131z hava arac\u0131n\u0131n L\u00fcbnan&#8217;\u0131n g\u00fcneyindeki Meys El Cebel kasabas\u0131ndaki El Cebene \u00e7evresini hedef almas\u0131 sonucu 2 L\u00fcbnanl\u0131 \u015fehit d\u00fc\u015ft\u00fc, \u00e7ok say\u0131da ki\u015fi de yaraland\u0131. L\u00fcbnan Sa\u011fl\u0131k Bakanl\u0131\u011f\u0131 Kamu Sa\u011fl\u0131\u011f\u0131 Acil Durum Operasyon Merkezi&#8217;nden yap\u0131lan a\u00e7\u0131klamada, \u0130srail&#8217;in Cebbene kasabas\u0131 yak\u0131nlar\u0131nda ger\u00e7ekle\u015ftirdi\u011fi hava sald\u0131r\u0131s\u0131n\u0131n 2 ki\u015finin \u015fehit d\u00fc\u015fmesine ve \u00e7ok &hellip;<\/p>\n","protected":false},"author":39,"featured_media":306162,"comment_status":"closed","ping_status":"closed","sticky":false,"template":"","format":"standard","meta":{"footnotes":""},"categories":[458,459,17988],"tags":[],"class_list":["post-306161","post","type-post","status-publish","format-standard","has-post-thumbnail","","category-dunya1","category-haberler-arap-uluslararasi-politika","category-son-haberler"],"_links":{"self":[{"href":"https:\/\/archive.sana.sy\/tr\/index.php?rest_route=\/wp\/v2\/posts\/306161","targetHints":{"allow":["GET"]}}],"collection":[{"href":"https:\/\/archive.sana.sy\/tr\/index.php?rest_route=\/wp\/v2\/posts"}],"about":[{"href":"https:\/\/archive.sana.sy\/tr\/index.php?rest_route=\/wp\/v2\/types\/post"}],"author":[{"embeddable":true,"href":"https:\/\/archive.sana.sy\/tr\/index.php?rest_route=\/wp\/v2\/users\/39"}],"replies":[{"embeddable":true,"href":"https:\/\/archive.sana.sy\/tr\/index.php?rest_route=%2Fwp%2Fv2%2Fcomments&post=306161"}],"version-history":[{"count":1,"href":"https:\/\/archive.sana.sy\/tr\/index.php?rest_route=\/wp\/v2\/posts\/306161\/revisions"}],"predecessor-version":[{"id":306163,"href":"https:\/\/archive.sana.sy\/tr\/index.php?rest_route=\/wp\/v2\/posts\/306161\/revisions\/306163"}],"wp:featuredmedia":[{"embeddable":true,"href":"https:\/\/archive.sana.sy\/tr\/index.php?rest_route=\/wp\/v2\/media\/306162"}],"wp:attachment":[{"href":"https:\/\/archive.sana.sy\/tr\/index.php?rest_route=%2Fwp%2Fv2%2Fmedia&parent=306161"}],"wp:term":[{"taxonomy":"category","embeddable":true,"href":"https:\/\/archive.sana.sy\/tr\/index.php?rest_route=%2Fwp%2Fv2%2Fcategories&post=306161"},{"taxonomy":"post_tag","embeddable":true,"href":"https:\/\/archive.sana.sy\/tr\/index.php?rest_route=%2Fwp%2Fv2%2Ftags&post=306161"}],"curies":[{"name":"wp","href":"https:\/\/api.w.org\/{rel}","templated":true}]}}