{"id":306164,"date":"2024-08-05T11:28:22","date_gmt":"2024-08-05T08:28:22","guid":{"rendered":"https:\/\/sana.sy\/tr\/?p=306164"},"modified":"2024-08-06T11:19:25","modified_gmt":"2024-08-06T08:19:25","slug":"aksa-tufani-operasyonu-bugunun-en-one-cikan-gelismeleri-214","status":"publish","type":"post","link":"https:\/\/archive.sana.sy\/tr\/?p=306164","title":{"rendered":"Aksa Tufan\u0131 Operasyonu\u2026 Bug\u00fcn\u00fcn En \u00d6ne \u00c7\u0131kan Geli\u015fmeleri"},"content":{"rendered":"<p style=\"text-align: justify;\"><strong>\u0130\u015eGAL ED\u0130LEN KUD\u00dcS (SANA) \u2013\u00a0<\/strong>Filistin direni\u015finin i\u015fgalci \u0130srail\u2019in sald\u0131rganl\u0131\u011f\u0131na yan\u0131t olarak 7 Ekim\u2019de ba\u015flatt\u0131\u011f\u0131 Aksa Tufan\u0131 Operasyonu\u2019nda \u00f6ne \u00e7\u0131kan geli\u015fmeler:<\/p>\n<ul>\n<li style=\"text-align: justify;\">Filistin direni\u015fi, \u201cYasin 105\u201d mermisiyle \u0130srailli bir d\u00fc\u015fman buldozerini hedef alarak, s\u0131f\u0131r mesafeden ayak kuvvetiyle \u00e7at\u0131\u015ft\u0131 ve\u00a0 \u00fcyeleri \u00f6l\u00fc ya da yaral\u0131 b\u0131rakt\u0131.<\/li>\n<li style=\"text-align: justify;\">Filistin direni\u015fi, \u0130srailli d\u00fc\u015fmana kar\u015f\u0131 iki anti-personel ve ara\u00e7 kar\u015f\u0131t\u0131 cihaz\u0131 g\u00fc\u00e7l\u00fc bir \u015fekilde patlatarak, Gazze \u015eeridi&#8217;nin g\u00fcneyindeki Refah \u015fehrinin do\u011fusundaki \u00fcyelerini \u00f6ld\u00fcrd\u00fc ve yaralad\u0131.<\/li>\n<li style=\"text-align: justify;\">Filistin direni\u015fi, Gazze \u015eeridi&#8217;nin g\u00fcneyindeki Han Yunus \u015fehrinin do\u011fusunda kendisini bir binan\u0131n i\u00e7ine barikat kurarak \u00fcyelerini \u00f6ld\u00fcren ve yaralayan Siyonist d\u00fc\u015fman g\u00fcc\u00fcyle anti-personel cihaz\u0131n\u0131 patlatt\u0131.<\/li>\n<li style=\"text-align: justify;\">Filistin medyas\u0131: \u0130\u015fgal u\u00e7a\u011f\u0131n\u0131n Gazze \u015eeridi&#8217;nin g\u00fcneyindeki Han Yunus&#8217;un g\u00fcneydo\u011fusunda bir grup Filistinliyi bombalamas\u0131 sonucu iki \u015fehit ve \u00e7ok say\u0131da yaral\u0131.<\/li>\n<li style=\"text-align: justify;\">Filistin medyas\u0131: \u0130srail&#8217;in Gazze \u015fehrinin g\u00fcneyindeki Tel El Hava mahallesini bombalamas\u0131 sonucu 4 \u015fehit ve \u00e7ok say\u0131da yaral\u0131.<\/li>\n<li style=\"text-align: justify;\"><a href=\"https:\/\/www.sana.sy\/tr\/?p=306170\">Gazze \u015eeridi&#8217;nde son 24 saatte ya\u015fanan i\u015fgal katliamlar\u0131 sonucu 40 \u015fehit.<\/a><\/li>\n<li style=\"text-align: justify;\">Filistin Sa\u011fl\u0131k Bakanl\u0131\u011f\u0131: \u0130srail i\u015fgali son 24 saatte Gazze \u015eeridi&#8217;nde 3 katliam ger\u00e7ekle\u015ftirdi, 40 \u015fehit ve 71 ki\u015fi yaraland\u0131.<\/li>\n<li style=\"text-align: justify;\">Filistin Sa\u011fl\u0131k Bakanl\u0131\u011f\u0131: Gazze \u015eeridi&#8217;nde 304&#8217;\u00fcnc\u00fc g\u00fcn\u00fcnde devam eden i\u015fgal sald\u0131r\u0131s\u0131nda \u00f6lenlerin say\u0131s\u0131 39 bin 623 \u015fehit ve 91 bin 469 yaral\u0131ya y\u00fckseldi.<\/li>\n<li style=\"text-align: justify;\">Avrupa-Akdeniz G\u00f6zlemevi: \u0130\u015fgal ku\u015fatmas\u0131 sonucu Gazze \u015eeridi&#8217;nde her g\u00fcn hasta ve yaral\u0131 \u00f6l\u00fcmleri ya\u015fan\u0131yor.<\/li>\n<li style=\"text-align: justify;\">\u00a0Filistin medyas\u0131: \u0130srail&#8217;in Gazze \u015eeridi&#8217;nin merkezindeki Deyir El Balah&#8217;taki de\u011firmenler alan\u0131n\u0131 i\u015fgalci bombard\u0131man\u0131 sonucu 5 \u015fehit ve \u00e7ok say\u0131da yaral\u0131.<\/li>\n<li>\n<p style=\"text-align: justify;\">\u0130\u015fgalcilerin Gazze \u015eeridi&#8217;ndeki alanlar\u0131 bombalamas\u0131 sonucu 2 \u015fehit ve \u00e7ok say\u0131da yaral\u0131.<\/p>\n<\/li>\n<\/ul>\n<p style=\"text-align: center;\"><strong><a href=\"https:\/\/t.me\/SuriyeArapHaberAjansI\">Telegram Kanal\u0131m\u0131z\u00a0<\/a>||<a href=\"https:\/\/twitter.com\/arap_ajans\">X Platformumuz\u00a0<\/a>||<a href=\"https:\/\/www.facebook.com\/SANAHaberAjansi\/\">Facebook Sayfam\u0131z<\/a><\/strong><\/p>\n","protected":false},"excerpt":{"rendered":"<p>\u0130\u015eGAL ED\u0130LEN KUD\u00dcS (SANA) \u2013\u00a0Filistin direni\u015finin i\u015fgalci \u0130srail\u2019in sald\u0131rganl\u0131\u011f\u0131na yan\u0131t olarak 7 Ekim\u2019de ba\u015flatt\u0131\u011f\u0131 Aksa Tufan\u0131 Operasyonu\u2019nda \u00f6ne \u00e7\u0131kan geli\u015fmeler: Filistin direni\u015fi, \u201cYasin 105\u201d mermisiyle \u0130srailli bir d\u00fc\u015fman buldozerini hedef alarak, s\u0131f\u0131r mesafeden ayak kuvvetiyle \u00e7at\u0131\u015ft\u0131 ve\u00a0 \u00fcyeleri \u00f6l\u00fc ya da yaral\u0131 b\u0131rakt\u0131. Filistin direni\u015fi, \u0130srailli d\u00fc\u015fmana kar\u015f\u0131 iki anti-personel ve ara\u00e7 kar\u015f\u0131t\u0131 cihaz\u0131 g\u00fc\u00e7l\u00fc &hellip;<\/p>\n","protected":false},"author":39,"featured_media":306165,"comment_status":"closed","ping_status":"closed","sticky":false,"template":"","format":"standard","meta":{"footnotes":""},"categories":[458,459,17988],"tags":[40122,40319],"class_list":["post-306164","post","type-post","status-publish","format-standard","has-post-thumbnail","","category-dunya1","category-haberler-arap-uluslararasi-politika","category-son-haberler","tag-gazzede-son-durum","tag-gazzede-son-gelimeler"],"_links":{"self":[{"href":"https:\/\/archive.sana.sy\/tr\/index.php?rest_route=\/wp\/v2\/posts\/306164","targetHints":{"allow":["GET"]}}],"collection":[{"href":"https:\/\/archive.sana.sy\/tr\/index.php?rest_route=\/wp\/v2\/posts"}],"about":[{"href":"https:\/\/archive.sana.sy\/tr\/index.php?rest_route=\/wp\/v2\/types\/post"}],"author":[{"embeddable":true,"href":"https:\/\/archive.sana.sy\/tr\/index.php?rest_route=\/wp\/v2\/users\/39"}],"replies":[{"embeddable":true,"href":"https:\/\/archive.sana.sy\/tr\/index.php?rest_route=%2Fwp%2Fv2%2Fcomments&post=306164"}],"version-history":[{"count":4,"href":"https:\/\/archive.sana.sy\/tr\/index.php?rest_route=\/wp\/v2\/posts\/306164\/revisions"}],"predecessor-version":[{"id":306187,"href":"https:\/\/archive.sana.sy\/tr\/index.php?rest_route=\/wp\/v2\/posts\/306164\/revisions\/306187"}],"wp:featuredmedia":[{"embeddable":true,"href":"https:\/\/archive.sana.sy\/tr\/index.php?rest_route=\/wp\/v2\/media\/306165"}],"wp:attachment":[{"href":"https:\/\/archive.sana.sy\/tr\/index.php?rest_route=%2Fwp%2Fv2%2Fmedia&parent=306164"}],"wp:term":[{"taxonomy":"category","embeddable":true,"href":"https:\/\/archive.sana.sy\/tr\/index.php?rest_route=%2Fwp%2Fv2%2Fcategories&post=306164"},{"taxonomy":"post_tag","embeddable":true,"href":"https:\/\/archive.sana.sy\/tr\/index.php?rest_route=%2Fwp%2Fv2%2Ftags&post=306164"}],"curies":[{"name":"wp","href":"https:\/\/api.w.org\/{rel}","templated":true}]}}