{"id":306170,"date":"2024-08-05T13:13:17","date_gmt":"2024-08-05T10:13:17","guid":{"rendered":"https:\/\/sana.sy\/tr\/?p=306170"},"modified":"2024-08-07T08:05:19","modified_gmt":"2024-08-07T05:05:19","slug":"isgalci-israilin-gazze-seridinde-son-24-saatte-gerceklestirdigi-yeni-katliamlar-sonucu-40-sehit","status":"publish","type":"post","link":"https:\/\/archive.sana.sy\/tr\/?p=306170","title":{"rendered":"\u0130\u015fgalci \u0130srail&#8217;in Gazze \u015eeridi&#8217;nde Son 24 Saatte Ger\u00e7ekle\u015ftirdi\u011fi Yeni Katliamlar Sonucu 40 \u015eehit"},"content":{"rendered":"<p style=\"text-align: justify;\"><strong>\u0130\u015eGAL ED\u0130LEN KUD\u00dcS (SANA)<\/strong> \u2013 Filistin Sa\u011fl\u0131k Bakanl\u0131\u011f\u0131, i\u015fgalci \u0130srail&#8217;in Gazze \u015eeridi&#8217;nde son 24 saatte 3 katliam ger\u00e7ekle\u015ftirdi\u011fini, 40 \u015fehit ve 71 yaral\u0131n\u0131n kald\u0131\u011f\u0131n\u0131 duyurdu.<\/p>\n<p style=\"text-align: justify;\">Bakanl\u0131k taraf\u0131ndan yap\u0131lan a\u00e7\u0131klamada, Gazze \u015eeridi&#8217;nde 304&#8217;\u00fcnc\u00fc g\u00fcn\u00fcnde devam eden i\u015fgal sald\u0131rganl\u0131\u011f\u0131nda hayat\u0131n\u0131 kaybedenlerin say\u0131s\u0131n\u0131n 39 bin 623 \u015fehit ve 91 bin 469 yaral\u0131ya y\u00fckseldi\u011fi belirtildi.<\/p>\n<p style=\"text-align: justify;\">Gazze \u015eeridi&#8217;nin \u00e7e\u015fitli b\u00f6lgelerine d\u00fczenlenen i\u015fgal bombard\u0131man\u0131 sonucu bug\u00fcn erken saatlerde 10 Filistinli \u015fehit d\u00fc\u015ft\u00fc, onlarca ki\u015fi de yaraland\u0131.<\/p>\n<p style=\"text-align: justify;\">Gazze \u015eeridi&#8217;nin merkezindeki Nuseyrat kamp\u0131 a\u00e7\u0131klar\u0131nda i\u015fgal donanmas\u0131n\u0131n a\u00e7t\u0131\u011f\u0131 ate\u015f sonucu bir bal\u0131k\u00e7\u0131 da \u015fehit d\u00fc\u015ft\u00fc.<\/p>\n<p style=\"text-align: center;\"><strong><a href=\"https:\/\/t.me\/SuriyeArapHaberAjansI\">Telegram Kanal\u0131m\u0131z\u00a0<\/a>||<a href=\"https:\/\/twitter.com\/arap_ajans\">X Platformumuz\u00a0<\/a>||<a href=\"https:\/\/www.facebook.com\/SANAHaberAjansi\/\">Facebook Sayfam\u0131z<\/a><\/strong><\/p>\n","protected":false},"excerpt":{"rendered":"<p>\u0130\u015eGAL ED\u0130LEN KUD\u00dcS (SANA) \u2013 Filistin Sa\u011fl\u0131k Bakanl\u0131\u011f\u0131, i\u015fgalci \u0130srail&#8217;in Gazze \u015eeridi&#8217;nde son 24 saatte 3 katliam ger\u00e7ekle\u015ftirdi\u011fini, 40 \u015fehit ve 71 yaral\u0131n\u0131n kald\u0131\u011f\u0131n\u0131 duyurdu. Bakanl\u0131k taraf\u0131ndan yap\u0131lan a\u00e7\u0131klamada, Gazze \u015eeridi&#8217;nde 304&#8217;\u00fcnc\u00fc g\u00fcn\u00fcnde devam eden i\u015fgal sald\u0131rganl\u0131\u011f\u0131nda hayat\u0131n\u0131 kaybedenlerin say\u0131s\u0131n\u0131n 39 bin 623 \u015fehit ve 91 bin 469 yaral\u0131ya y\u00fckseldi\u011fi belirtildi. Gazze \u015eeridi&#8217;nin \u00e7e\u015fitli b\u00f6lgelerine &hellip;<\/p>\n","protected":false},"author":39,"featured_media":306171,"comment_status":"closed","ping_status":"closed","sticky":false,"template":"","format":"standard","meta":{"footnotes":""},"categories":[458,459,17988],"tags":[],"class_list":["post-306170","post","type-post","status-publish","format-standard","has-post-thumbnail","","category-dunya1","category-haberler-arap-uluslararasi-politika","category-son-haberler"],"_links":{"self":[{"href":"https:\/\/archive.sana.sy\/tr\/index.php?rest_route=\/wp\/v2\/posts\/306170","targetHints":{"allow":["GET"]}}],"collection":[{"href":"https:\/\/archive.sana.sy\/tr\/index.php?rest_route=\/wp\/v2\/posts"}],"about":[{"href":"https:\/\/archive.sana.sy\/tr\/index.php?rest_route=\/wp\/v2\/types\/post"}],"author":[{"embeddable":true,"href":"https:\/\/archive.sana.sy\/tr\/index.php?rest_route=\/wp\/v2\/users\/39"}],"replies":[{"embeddable":true,"href":"https:\/\/archive.sana.sy\/tr\/index.php?rest_route=%2Fwp%2Fv2%2Fcomments&post=306170"}],"version-history":[{"count":1,"href":"https:\/\/archive.sana.sy\/tr\/index.php?rest_route=\/wp\/v2\/posts\/306170\/revisions"}],"predecessor-version":[{"id":306172,"href":"https:\/\/archive.sana.sy\/tr\/index.php?rest_route=\/wp\/v2\/posts\/306170\/revisions\/306172"}],"wp:featuredmedia":[{"embeddable":true,"href":"https:\/\/archive.sana.sy\/tr\/index.php?rest_route=\/wp\/v2\/media\/306171"}],"wp:attachment":[{"href":"https:\/\/archive.sana.sy\/tr\/index.php?rest_route=%2Fwp%2Fv2%2Fmedia&parent=306170"}],"wp:term":[{"taxonomy":"category","embeddable":true,"href":"https:\/\/archive.sana.sy\/tr\/index.php?rest_route=%2Fwp%2Fv2%2Fcategories&post=306170"},{"taxonomy":"post_tag","embeddable":true,"href":"https:\/\/archive.sana.sy\/tr\/index.php?rest_route=%2Fwp%2Fv2%2Ftags&post=306170"}],"curies":[{"name":"wp","href":"https:\/\/api.w.org\/{rel}","templated":true}]}}