{"id":306174,"date":"2024-08-05T14:05:06","date_gmt":"2024-08-05T11:05:06","guid":{"rendered":"https:\/\/sana.sy\/tr\/?p=306174"},"modified":"2024-08-07T08:05:26","modified_gmt":"2024-08-07T05:05:26","slug":"bakan-el-seyyid-suudi-arabistandan-dini-soylem-platformlarinin-yonetilmesinde-dini-kurumlarin-uyumlu-cabalarinin-onemini-vurgulad","status":"publish","type":"post","link":"https:\/\/archive.sana.sy\/tr\/?p=306174","title":{"rendered":"Bakan El Seyyid, Dini S\u00f6ylem Platformlar\u0131n\u0131n Y\u00f6netilmesinde Dini Kurumlar\u0131n Uyumlu \u00c7abalar\u0131n\u0131n \u00d6nemini Vurgulad\u0131"},"content":{"rendered":"<p style=\"text-align: justify;\"><strong>R<\/strong><strong>\u0130YAD (SANA)<\/strong> &#8211; Evkaf Bakani Abd\u00fclsettar El Seyyid, \u00d6zellikle olumlu ve olumsuz y\u00f6nleriyle modernite ve sosyal ileti\u015fim ve ara\u00e7lar\u0131 \u00e7a\u011f\u0131nda ya\u015fad\u0131\u011f\u0131m\u0131z bug\u00fcnlerde Arap ve \u0130slam d\u00fcnyas\u0131nda geni\u015f bir etkiye sahip olan dini s\u00f6ylem platformlar\u0131n\u0131n y\u00f6netilmesinde dini kurumlar\u0131n ortak \u00e7abalar\u0131n\u0131n \u00f6nemini vurgulad\u0131.<\/p>\n<p style=\"text-align: justify;\"><img loading=\"lazy\" decoding=\"async\" class=\"size-medium wp-image-306181 alignright\" src=\"http:\/\/sana.sy\/tr\/wp-content\/uploads\/2024\/08\/sayed11-300x195.jpg\" alt=\"\" width=\"300\" height=\"195\" srcset=\"https:\/\/archive.sana.sy\/tr\/wp-content\/uploads\/2024\/08\/sayed11-300x195.jpg 300w, https:\/\/archive.sana.sy\/tr\/wp-content\/uploads\/2024\/08\/sayed11.jpg 700w\" sizes=\"auto, (max-width: 300px) 100vw, 300px\" \/>Bakan El Seyyid, Suudi Arabistan&#8217;\u0131n Kutsal \u015eehri Mekke&#8217;de d\u00fczenlenen \u0130slam D\u00fcnyas\u0131 Evkaf ve \u0130slam \u0130\u015fleri Bakanlar\u0131 Konferans\u0131&#8217;n\u0131n ikinci g\u00fcn oturumunun ba\u015fkanl\u0131\u011f\u0131n\u0131 yapt\u0131\u011f\u0131 esnasda, dini kurumlar\u0131n bu yeni ger\u00e7ekli\u011fin ve bunun gen\u00e7ler ve bir b\u00fct\u00fcn olarak toplum \u00fczerindeki etkilerinin fark\u0131nda olmas\u0131 ve bunlarla ba\u015f etmeye haz\u0131r olmas\u0131 gerekti\u011fine dikkat \u00e7ekti.<\/p>\n<p style=\"text-align: justify;\">Bakan El Seyyid oturum s\u0131ras\u0131nda, \u00e7al\u0131\u015fma belgesindeki ana noktalar\u0131 g\u00f6zden ge\u00e7irdi; \u00a0(Vak\u0131flar ve \u0130slam \u0130\u015fleri Bakanl\u0131klar\u0131 aras\u0131nda a\u015f\u0131r\u0131c\u0131l\u0131kla m\u00fccadele ve merkezcilik ve \u0131l\u0131ml\u0131l\u0131k de\u011ferlerinin peki\u015ftirilmesi konusunda \u00f6nerilen en \u00f6nemli koordinasyon arac\u0131).<\/p>\n<p style=\"text-align: justify;\">Oturumda ayr\u0131ca Suudi Arabistan Krall\u0131\u011f\u0131 \u0130slami \u0130\u015fler Bakanl\u0131\u011f\u0131 taraf\u0131ndan, Bakanl\u0131k M\u00fcste\u015far\u0131 Avad El Anazi ve Kuveyt Devleti Vak\u0131flar Bakanl\u0131\u011f\u0131&#8217;n\u0131n huzurunda iki \u00e7al\u0131\u015fma belgesinin sunumu da yer ald\u0131.<\/p>\n<p style=\"text-align: center;\"><strong><a href=\"https:\/\/t.me\/SuriyeArapHaberAjansI\">Telegram Kanal\u0131m\u0131z\u00a0<\/a>||<a href=\"https:\/\/twitter.com\/arap_ajans\">X Platformumuz\u00a0<\/a>||<a href=\"https:\/\/www.facebook.com\/SANAHaberAjansi\/\">Facebook Sayfam\u0131z<\/a><\/strong><\/p>\n<div id='gallery-1' class='gallery galleryid-306174 gallery-columns-3 gallery-size-full'><figure class='gallery-item'>\n\t\t\t<div class='gallery-icon landscape'>\n\t\t\t\t<a href='https:\/\/archive.sana.sy\/tr\/wp-content\/uploads\/2024\/08\/alsayed-2.jpg'><img loading=\"lazy\" decoding=\"async\" width=\"700\" height=\"392\" src=\"https:\/\/archive.sana.sy\/tr\/wp-content\/uploads\/2024\/08\/alsayed-2.jpg\" class=\"attachment-full size-full\" alt=\"\" srcset=\"https:\/\/archive.sana.sy\/tr\/wp-content\/uploads\/2024\/08\/alsayed-2.jpg 700w, https:\/\/archive.sana.sy\/tr\/wp-content\/uploads\/2024\/08\/alsayed-2-300x168.jpg 300w\" sizes=\"auto, (max-width: 700px) 100vw, 700px\" \/><\/a>\n\t\t\t<\/div><\/figure><figure class='gallery-item'>\n\t\t\t<div class='gallery-icon landscape'>\n\t\t\t\t<a href='https:\/\/archive.sana.sy\/tr\/wp-content\/uploads\/2024\/08\/sayed-12.jpg'><img loading=\"lazy\" decoding=\"async\" width=\"700\" height=\"452\" src=\"https:\/\/archive.sana.sy\/tr\/wp-content\/uploads\/2024\/08\/sayed-12.jpg\" class=\"attachment-full size-full\" alt=\"\" srcset=\"https:\/\/archive.sana.sy\/tr\/wp-content\/uploads\/2024\/08\/sayed-12.jpg 700w, https:\/\/archive.sana.sy\/tr\/wp-content\/uploads\/2024\/08\/sayed-12-300x194.jpg 300w\" sizes=\"auto, (max-width: 700px) 100vw, 700px\" \/><\/a>\n\t\t\t<\/div><\/figure><figure class='gallery-item'>\n\t\t\t<div class='gallery-icon landscape'>\n\t\t\t\t<a href='https:\/\/archive.sana.sy\/tr\/wp-content\/uploads\/2024\/08\/sayed13.jpg'><img loading=\"lazy\" decoding=\"async\" width=\"700\" height=\"462\" src=\"https:\/\/archive.sana.sy\/tr\/wp-content\/uploads\/2024\/08\/sayed13.jpg\" class=\"attachment-full size-full\" alt=\"\" srcset=\"https:\/\/archive.sana.sy\/tr\/wp-content\/uploads\/2024\/08\/sayed13.jpg 700w, https:\/\/archive.sana.sy\/tr\/wp-content\/uploads\/2024\/08\/sayed13-300x198.jpg 300w, https:\/\/archive.sana.sy\/tr\/wp-content\/uploads\/2024\/08\/sayed13-310x205.jpg 310w\" sizes=\"auto, (max-width: 700px) 100vw, 700px\" \/><\/a>\n\t\t\t<\/div><\/figure>\n\t\t<\/div>\n\n","protected":false},"excerpt":{"rendered":"<p>R\u0130YAD (SANA) &#8211; Evkaf Bakani Abd\u00fclsettar El Seyyid, \u00d6zellikle olumlu ve olumsuz y\u00f6nleriyle modernite ve sosyal ileti\u015fim ve ara\u00e7lar\u0131 \u00e7a\u011f\u0131nda ya\u015fad\u0131\u011f\u0131m\u0131z bug\u00fcnlerde Arap ve \u0130slam d\u00fcnyas\u0131nda geni\u015f bir etkiye sahip olan dini s\u00f6ylem platformlar\u0131n\u0131n y\u00f6netilmesinde dini kurumlar\u0131n ortak \u00e7abalar\u0131n\u0131n \u00f6nemini vurgulad\u0131. Bakan El Seyyid, Suudi Arabistan&#8217;\u0131n Kutsal \u015eehri Mekke&#8217;de d\u00fczenlenen \u0130slam D\u00fcnyas\u0131 Evkaf ve \u0130slam &hellip;<\/p>\n","protected":false},"author":41,"featured_media":306175,"comment_status":"closed","ping_status":"closed","sticky":false,"template":"","format":"standard","meta":{"footnotes":""},"categories":[458,459,17988],"tags":[],"class_list":["post-306174","post","type-post","status-publish","format-standard","has-post-thumbnail","","category-dunya1","category-haberler-arap-uluslararasi-politika","category-son-haberler"],"_links":{"self":[{"href":"https:\/\/archive.sana.sy\/tr\/index.php?rest_route=\/wp\/v2\/posts\/306174","targetHints":{"allow":["GET"]}}],"collection":[{"href":"https:\/\/archive.sana.sy\/tr\/index.php?rest_route=\/wp\/v2\/posts"}],"about":[{"href":"https:\/\/archive.sana.sy\/tr\/index.php?rest_route=\/wp\/v2\/types\/post"}],"author":[{"embeddable":true,"href":"https:\/\/archive.sana.sy\/tr\/index.php?rest_route=\/wp\/v2\/users\/41"}],"replies":[{"embeddable":true,"href":"https:\/\/archive.sana.sy\/tr\/index.php?rest_route=%2Fwp%2Fv2%2Fcomments&post=306174"}],"version-history":[{"count":5,"href":"https:\/\/archive.sana.sy\/tr\/index.php?rest_route=\/wp\/v2\/posts\/306174\/revisions"}],"predecessor-version":[{"id":306184,"href":"https:\/\/archive.sana.sy\/tr\/index.php?rest_route=\/wp\/v2\/posts\/306174\/revisions\/306184"}],"wp:featuredmedia":[{"embeddable":true,"href":"https:\/\/archive.sana.sy\/tr\/index.php?rest_route=\/wp\/v2\/media\/306175"}],"wp:attachment":[{"href":"https:\/\/archive.sana.sy\/tr\/index.php?rest_route=%2Fwp%2Fv2%2Fmedia&parent=306174"}],"wp:term":[{"taxonomy":"category","embeddable":true,"href":"https:\/\/archive.sana.sy\/tr\/index.php?rest_route=%2Fwp%2Fv2%2Fcategories&post=306174"},{"taxonomy":"post_tag","embeddable":true,"href":"https:\/\/archive.sana.sy\/tr\/index.php?rest_route=%2Fwp%2Fv2%2Ftags&post=306174"}],"curies":[{"name":"wp","href":"https:\/\/api.w.org\/{rel}","templated":true}]}}