{"id":306188,"date":"2024-08-05T12:52:11","date_gmt":"2024-08-05T09:52:11","guid":{"rendered":"https:\/\/sana.sy\/tr\/?p=306188"},"modified":"2024-08-07T08:05:12","modified_gmt":"2024-08-07T05:05:12","slug":"filistin-direnisi-gazze-seridinin-guneyinde-isgal-askerinin-saflarinda-cok-sayida-olu-ve-yarali-birakti","status":"publish","type":"post","link":"https:\/\/archive.sana.sy\/tr\/?p=306188","title":{"rendered":"Filistin Direni\u015fi, Gazze \u015eeridi&#8217;nin G\u00fcneyinde \u0130\u015fgal Askerinin Saflar\u0131nda \u00a0\u00c7ok Say\u0131da \u00d6l\u00fc ve Yaral\u0131 B\u0131rakt\u0131"},"content":{"rendered":"<p style=\"text-align: justify;\"><strong>\u0130\u015eGAL ED\u0130LEN KUD\u00dcS (SANA) &#8211; <\/strong>Bug\u00fcn Filistin direni\u015fi, Gazze \u015eeridi&#8217;nin g\u00fcneyindeki \u00e7at\u0131\u015fmalarda \u00e7ok say\u0131da \u0130srail i\u015fgal askerini \u00f6ld\u00fcrd\u00fc ve yaralad\u0131.<\/p>\n<p style=\"text-align: justify;\">Direni\u015f bug\u00fcn yapt\u0131\u011f\u0131 a\u00e7\u0131klamada \u015funlar\u0131 s\u00f6yledi: \u2018\u2019Gazze \u015eeridi&#8217;nin g\u00fcneyindeki Han Yunus \u015fehrinin do\u011fusundaki Faraheen b\u00f6lgesinin do\u011fusundaki bir binaya barikat kuran Siyonist d\u00fc\u015fman g\u00fcc\u00fcne ait anti-personel cihaz\u0131n\u0131 patlatarak \u00fcyelerini \u00f6ld\u00fcrd\u00fc ve yaralad\u0131. Ayn\u0131 b\u00f6lgede s\u0131f\u0131r mesafeden 9 ki\u015filik yaya g\u00fcc\u00fcyle de \u00e7at\u0131\u015farak mensuplar\u0131n\u0131 \u00f6ld\u00fcr\u00fcp yaralad\u0131, Yasin 105 f\u00fczesi ile buldozeri hedef ald\u0131.\u2019\u2019<\/p>\n<p style=\"text-align: justify;\">Direni\u015f \u015funlar\u0131 ekledi: \u2018\u2019Gazze \u015eeridi&#8217;nin g\u00fcneyindeki Refah \u015fehrinin do\u011fusundaki iki d\u00fc\u015fman anti-personel ve anti-ara\u00e7 cihaz\u0131n\u0131 patlatarak \u00fcyelerini \u00f6ld\u00fcrd\u00fc ve yaralad\u0131.\u2019\u2019<\/p>\n<p style=\"text-align: center;\"><strong><a href=\"https:\/\/t.me\/SuriyeArapHaberAjansI\">Telegram Kanal\u0131m\u0131z\u00a0<\/a>||<a href=\"https:\/\/twitter.com\/arap_ajans\">X Platformumuz\u00a0<\/a>||<a href=\"https:\/\/www.facebook.com\/SANAHaberAjansi\/\">Facebook Sayfam\u0131z<\/a><\/strong><\/p>\n","protected":false},"excerpt":{"rendered":"<p>\u0130\u015eGAL ED\u0130LEN KUD\u00dcS (SANA) &#8211; Bug\u00fcn Filistin direni\u015fi, Gazze \u015eeridi&#8217;nin g\u00fcneyindeki \u00e7at\u0131\u015fmalarda \u00e7ok say\u0131da \u0130srail i\u015fgal askerini \u00f6ld\u00fcrd\u00fc ve yaralad\u0131. Direni\u015f bug\u00fcn yapt\u0131\u011f\u0131 a\u00e7\u0131klamada \u015funlar\u0131 s\u00f6yledi: \u2018\u2019Gazze \u015eeridi&#8217;nin g\u00fcneyindeki Han Yunus \u015fehrinin do\u011fusundaki Faraheen b\u00f6lgesinin do\u011fusundaki bir binaya barikat kuran Siyonist d\u00fc\u015fman g\u00fcc\u00fcne ait anti-personel cihaz\u0131n\u0131 patlatarak \u00fcyelerini \u00f6ld\u00fcrd\u00fc ve yaralad\u0131. Ayn\u0131 b\u00f6lgede s\u0131f\u0131r mesafeden &hellip;<\/p>\n","protected":false},"author":41,"featured_media":306189,"comment_status":"closed","ping_status":"closed","sticky":false,"template":"","format":"standard","meta":{"footnotes":""},"categories":[458,459,17988],"tags":[],"class_list":["post-306188","post","type-post","status-publish","format-standard","has-post-thumbnail","","category-dunya1","category-haberler-arap-uluslararasi-politika","category-son-haberler"],"_links":{"self":[{"href":"https:\/\/archive.sana.sy\/tr\/index.php?rest_route=\/wp\/v2\/posts\/306188","targetHints":{"allow":["GET"]}}],"collection":[{"href":"https:\/\/archive.sana.sy\/tr\/index.php?rest_route=\/wp\/v2\/posts"}],"about":[{"href":"https:\/\/archive.sana.sy\/tr\/index.php?rest_route=\/wp\/v2\/types\/post"}],"author":[{"embeddable":true,"href":"https:\/\/archive.sana.sy\/tr\/index.php?rest_route=\/wp\/v2\/users\/41"}],"replies":[{"embeddable":true,"href":"https:\/\/archive.sana.sy\/tr\/index.php?rest_route=%2Fwp%2Fv2%2Fcomments&post=306188"}],"version-history":[{"count":1,"href":"https:\/\/archive.sana.sy\/tr\/index.php?rest_route=\/wp\/v2\/posts\/306188\/revisions"}],"predecessor-version":[{"id":306190,"href":"https:\/\/archive.sana.sy\/tr\/index.php?rest_route=\/wp\/v2\/posts\/306188\/revisions\/306190"}],"wp:featuredmedia":[{"embeddable":true,"href":"https:\/\/archive.sana.sy\/tr\/index.php?rest_route=\/wp\/v2\/media\/306189"}],"wp:attachment":[{"href":"https:\/\/archive.sana.sy\/tr\/index.php?rest_route=%2Fwp%2Fv2%2Fmedia&parent=306188"}],"wp:term":[{"taxonomy":"category","embeddable":true,"href":"https:\/\/archive.sana.sy\/tr\/index.php?rest_route=%2Fwp%2Fv2%2Fcategories&post=306188"},{"taxonomy":"post_tag","embeddable":true,"href":"https:\/\/archive.sana.sy\/tr\/index.php?rest_route=%2Fwp%2Fv2%2Ftags&post=306188"}],"curies":[{"name":"wp","href":"https:\/\/api.w.org\/{rel}","templated":true}]}}