{"id":306191,"date":"2024-08-05T16:36:03","date_gmt":"2024-08-05T13:36:03","guid":{"rendered":"https:\/\/sana.sy\/tr\/?p=306191"},"modified":"2024-08-07T08:05:34","modified_gmt":"2024-08-07T05:05:34","slug":"isgalci-israil-gazze-seridine-yonelik-saldirganliginda-oldurulen-84-sehidin-naaslarini-kizil-haca-teslim-etti","status":"publish","type":"post","link":"https:\/\/archive.sana.sy\/tr\/?p=306191","title":{"rendered":"\u0130\u015fgalci \u0130srail, Gazze \u015eeridi&#8217;ne Y\u00f6nelik Sald\u0131rganl\u0131\u011f\u0131nda \u00d6ld\u00fcr\u00fclen 84 \u015eehidin Naa\u015flar\u0131n\u0131 K\u0131z\u0131l Ha\u00e7&#8217;a Teslim Etti"},"content":{"rendered":"<p style=\"text-align: justify;\"><strong>\u0130\u015eGAL ED\u0130LEN KUD\u00dcS (SANA) &#8211;<\/strong>\u00a0 \u0130srail i\u015fgal varl\u0131\u011f\u0131, Gazze \u015eeridi&#8217;ne y\u00f6nelik devam eden sald\u0131rganl\u0131klar\u0131 <img loading=\"lazy\" decoding=\"async\" class=\" wp-image-306193 alignright\" src=\"http:\/\/sana.sy\/tr\/wp-content\/uploads\/2024\/08\/2-6-300x215-1.jpg\" alt=\"\" width=\"186\" height=\"133\" \/>s\u0131ras\u0131nda \u00f6ld\u00fcrd\u00fc\u011f\u00fc onlarca \u015fehidin naa\u015flar\u0131n\u0131 bug\u00fcn Uluslararas\u0131 K\u0131z\u0131lha\u00e7 Komitesi&#8217;ne teslim ederek naa\u015flar\u0131n\u0131 teslim etti.<\/p>\n<p style=\"text-align: justify;\">Filistin medyas\u0131 Gazze&#8217;deki K\u0131z\u0131lha\u00e7&#8217;\u0131n \u015fu s\u00f6zlerini aktard\u0131: \u2018\u2019\u0130\u015fgalden \u00e7\u0131kan 84 \u015fehidin naa\u015f\u0131 Kerem \u015ealom ge\u00e7i\u015f noktas\u0131ndan teslim al\u0131nd\u0131.\u2019\u2019<\/p>\n<p style=\"text-align: justify;\">Sa\u011fl\u0131k kaynaklar\u0131, i\u015fgalcilerin teslim etti\u011fi \u015fehitlerin cesetlerinin \u00e7\u00fcr\u00fck oldu\u011funu, sa\u011fl\u0131k ekiplerinin cenazelerin sahiplerinin kimliklerini belirlemek i\u00e7in DNA \u00f6rne\u011fi alamad\u0131\u011f\u0131n\u0131 bildirirken, onlar\u0131n kaderleriyle nas\u0131l tan\u0131\u015ft\u0131klar\u0131n\u0131 veya hakk\u0131nda bilgi bilmeden \u2018\u2019Gazze \u015eeridi&#8217;nin g\u00fcneyindeki Han Yunis \u015fehrinde toplu bir mezara g\u00f6m\u00fcld\u00fcklerini kaydetti.<\/p>\n<p style=\"text-align: center;\"><strong><a href=\"https:\/\/t.me\/SuriyeArapHaberAjansI\">Telegram Kanal\u0131m\u0131z\u00a0<\/a>||<a href=\"https:\/\/twitter.com\/arap_ajans\">X Platformumuz\u00a0<\/a>||<a href=\"https:\/\/www.facebook.com\/SANAHaberAjansi\/\">Facebook Sayfam\u0131z<\/a><\/strong><\/p>\n","protected":false},"excerpt":{"rendered":"<p>\u0130\u015eGAL ED\u0130LEN KUD\u00dcS (SANA) &#8211;\u00a0 \u0130srail i\u015fgal varl\u0131\u011f\u0131, Gazze \u015eeridi&#8217;ne y\u00f6nelik devam eden sald\u0131rganl\u0131klar\u0131 s\u0131ras\u0131nda \u00f6ld\u00fcrd\u00fc\u011f\u00fc onlarca \u015fehidin naa\u015flar\u0131n\u0131 bug\u00fcn Uluslararas\u0131 K\u0131z\u0131lha\u00e7 Komitesi&#8217;ne teslim ederek naa\u015flar\u0131n\u0131 teslim etti. Filistin medyas\u0131 Gazze&#8217;deki K\u0131z\u0131lha\u00e7&#8217;\u0131n \u015fu s\u00f6zlerini aktard\u0131: \u2018\u2019\u0130\u015fgalden \u00e7\u0131kan 84 \u015fehidin naa\u015f\u0131 Kerem \u015ealom ge\u00e7i\u015f noktas\u0131ndan teslim al\u0131nd\u0131.\u2019\u2019 Sa\u011fl\u0131k kaynaklar\u0131, i\u015fgalcilerin teslim etti\u011fi \u015fehitlerin cesetlerinin \u00e7\u00fcr\u00fck oldu\u011funu, &hellip;<\/p>\n","protected":false},"author":41,"featured_media":306192,"comment_status":"closed","ping_status":"closed","sticky":false,"template":"","format":"standard","meta":{"footnotes":""},"categories":[458,459,17988],"tags":[42079,18890],"class_list":["post-306191","post","type-post","status-publish","format-standard","has-post-thumbnail","","category-dunya1","category-haberler-arap-uluslararasi-politika","category-son-haberler","tag-gazze-seridine-yonelik-saldirganliginda-oldurulen-84-sehidin-naaslarini-kizil-haca-teslim-etti","tag-isgalci-israil"],"_links":{"self":[{"href":"https:\/\/archive.sana.sy\/tr\/index.php?rest_route=\/wp\/v2\/posts\/306191","targetHints":{"allow":["GET"]}}],"collection":[{"href":"https:\/\/archive.sana.sy\/tr\/index.php?rest_route=\/wp\/v2\/posts"}],"about":[{"href":"https:\/\/archive.sana.sy\/tr\/index.php?rest_route=\/wp\/v2\/types\/post"}],"author":[{"embeddable":true,"href":"https:\/\/archive.sana.sy\/tr\/index.php?rest_route=\/wp\/v2\/users\/41"}],"replies":[{"embeddable":true,"href":"https:\/\/archive.sana.sy\/tr\/index.php?rest_route=%2Fwp%2Fv2%2Fcomments&post=306191"}],"version-history":[{"count":1,"href":"https:\/\/archive.sana.sy\/tr\/index.php?rest_route=\/wp\/v2\/posts\/306191\/revisions"}],"predecessor-version":[{"id":306194,"href":"https:\/\/archive.sana.sy\/tr\/index.php?rest_route=\/wp\/v2\/posts\/306191\/revisions\/306194"}],"wp:featuredmedia":[{"embeddable":true,"href":"https:\/\/archive.sana.sy\/tr\/index.php?rest_route=\/wp\/v2\/media\/306192"}],"wp:attachment":[{"href":"https:\/\/archive.sana.sy\/tr\/index.php?rest_route=%2Fwp%2Fv2%2Fmedia&parent=306191"}],"wp:term":[{"taxonomy":"category","embeddable":true,"href":"https:\/\/archive.sana.sy\/tr\/index.php?rest_route=%2Fwp%2Fv2%2Fcategories&post=306191"},{"taxonomy":"post_tag","embeddable":true,"href":"https:\/\/archive.sana.sy\/tr\/index.php?rest_route=%2Fwp%2Fv2%2Ftags&post=306191"}],"curies":[{"name":"wp","href":"https:\/\/api.w.org\/{rel}","templated":true}]}}