{"id":306195,"date":"2024-08-05T18:52:06","date_gmt":"2024-08-05T15:52:06","guid":{"rendered":"https:\/\/sana.sy\/tr\/?p=306195"},"modified":"2024-08-07T08:05:36","modified_gmt":"2024-08-07T05:05:36","slug":"suriye-lahordaki-trajik-sel-felaketinin-ardindan-pakistana-duydugu-sempatiyi-ve-dayanismayi-ifade-etti","status":"publish","type":"post","link":"https:\/\/archive.sana.sy\/tr\/?p=306195","title":{"rendered":"Suriye, Lahor&#8217;daki Trajik Sel Felaketinin Ard\u0131ndan Pakistan&#8217;a Duydu\u011fu Sempatiyi Ve Dayan\u0131\u015fmay\u0131 \u0130fade Etti"},"content":{"rendered":"<p style=\"text-align: justify;\"><strong>\u015eAM (SANA)<\/strong> \u2013\u00a0 Suriye, Lahor \u015fehrinin ba\u015f\u0131na gelen trajik sel felaketi nedeniyle Pakistan \u0130slam Cumhuriyeti h\u00fck\u00fcmeti ve halk\u0131na duydu\u011fu sempatiyi ve dayan\u0131\u015fmay\u0131 ifade etti.<\/p>\n<p style=\"text-align: justify;\">D\u0131\u015fi\u015fleri ve Gurbet\u00e7iler Bakanl\u0131\u011f\u0131&#8217;n\u0131n bug\u00fcn bir n\u00fcshas\u0131 SANA&#8217;ya ula\u015fan a\u00e7\u0131klamas\u0131nda \u015fu ifadelere yer verildi: &#8220;Suriye Arap Cumhuriyeti, kurbanlar\u0131n ve etkilenenlerin ailelerine en derin ba\u015fsa\u011fl\u0131\u011f\u0131 ve taziyelerini, Pakistan h\u00fck\u00fcmetine de en derin taziye duygular\u0131n\u0131 sunar ve yaral\u0131lara acil \u015fifalar diler.&#8221;<\/p>\n<p style=\"text-align: justify;\">Bakanl\u0131k ay\u0131rca, &#8220;Suriye, bu ac\u0131 trajedide Pakistan h\u00fck\u00fcmeti ve halk\u0131yla dayan\u0131\u015fmas\u0131n\u0131 ve deste\u011fini vurguluyor&#8221; ifadelerini a\u00e7\u0131klmas\u0131na ekledi.<\/p>\n<p><strong><a href=\"https:\/\/t.me\/SuriyeArapHaberAjansI\">Telegram Kanal\u0131m\u0131z\u00a0<\/a>||<a href=\"https:\/\/twitter.com\/arap_ajans\">X Platformumuz\u00a0<\/a>||<a href=\"https:\/\/www.facebook.com\/SANAHaberAjansi\/\">Facebook Sayfam\u0131z<\/a><\/strong><\/p>\n","protected":false},"excerpt":{"rendered":"<p>\u015eAM (SANA) \u2013\u00a0 Suriye, Lahor \u015fehrinin ba\u015f\u0131na gelen trajik sel felaketi nedeniyle Pakistan \u0130slam Cumhuriyeti h\u00fck\u00fcmeti ve halk\u0131na duydu\u011fu sempatiyi ve dayan\u0131\u015fmay\u0131 ifade etti. D\u0131\u015fi\u015fleri ve Gurbet\u00e7iler Bakanl\u0131\u011f\u0131&#8217;n\u0131n bug\u00fcn bir n\u00fcshas\u0131 SANA&#8217;ya ula\u015fan a\u00e7\u0131klamas\u0131nda \u015fu ifadelere yer verildi: &#8220;Suriye Arap Cumhuriyeti, kurbanlar\u0131n ve etkilenenlerin ailelerine en derin ba\u015fsa\u011fl\u0131\u011f\u0131 ve taziyelerini, Pakistan h\u00fck\u00fcmetine de en derin &hellip;<\/p>\n","protected":false},"author":41,"featured_media":306196,"comment_status":"closed","ping_status":"closed","sticky":false,"template":"","format":"standard","meta":{"footnotes":""},"categories":[458,459,17988],"tags":[42080,16591],"class_list":["post-306195","post","type-post","status-publish","format-standard","has-post-thumbnail","","category-dunya1","category-haberler-arap-uluslararasi-politika","category-son-haberler","tag-lahordaki-trajik-sel-felaketinin-ardindan-pakistana-duydugu-sempatiyi-ve-dayanismayi-ifade-etti","tag-suriye"],"_links":{"self":[{"href":"https:\/\/archive.sana.sy\/tr\/index.php?rest_route=\/wp\/v2\/posts\/306195","targetHints":{"allow":["GET"]}}],"collection":[{"href":"https:\/\/archive.sana.sy\/tr\/index.php?rest_route=\/wp\/v2\/posts"}],"about":[{"href":"https:\/\/archive.sana.sy\/tr\/index.php?rest_route=\/wp\/v2\/types\/post"}],"author":[{"embeddable":true,"href":"https:\/\/archive.sana.sy\/tr\/index.php?rest_route=\/wp\/v2\/users\/41"}],"replies":[{"embeddable":true,"href":"https:\/\/archive.sana.sy\/tr\/index.php?rest_route=%2Fwp%2Fv2%2Fcomments&post=306195"}],"version-history":[{"count":1,"href":"https:\/\/archive.sana.sy\/tr\/index.php?rest_route=\/wp\/v2\/posts\/306195\/revisions"}],"predecessor-version":[{"id":306197,"href":"https:\/\/archive.sana.sy\/tr\/index.php?rest_route=\/wp\/v2\/posts\/306195\/revisions\/306197"}],"wp:featuredmedia":[{"embeddable":true,"href":"https:\/\/archive.sana.sy\/tr\/index.php?rest_route=\/wp\/v2\/media\/306196"}],"wp:attachment":[{"href":"https:\/\/archive.sana.sy\/tr\/index.php?rest_route=%2Fwp%2Fv2%2Fmedia&parent=306195"}],"wp:term":[{"taxonomy":"category","embeddable":true,"href":"https:\/\/archive.sana.sy\/tr\/index.php?rest_route=%2Fwp%2Fv2%2Fcategories&post=306195"},{"taxonomy":"post_tag","embeddable":true,"href":"https:\/\/archive.sana.sy\/tr\/index.php?rest_route=%2Fwp%2Fv2%2Ftags&post=306195"}],"curies":[{"name":"wp","href":"https:\/\/api.w.org\/{rel}","templated":true}]}}