{"id":306198,"date":"2024-08-05T19:34:04","date_gmt":"2024-08-05T16:34:04","guid":{"rendered":"https:\/\/sana.sy\/tr\/?p=306198"},"modified":"2024-08-07T08:05:39","modified_gmt":"2024-08-07T05:05:39","slug":"kultur-bakani-cezayirin-sam-buyukelcisi-ile-iki-ulke-arasindaki-kulturel-iliskileri-gorustu","status":"publish","type":"post","link":"https:\/\/archive.sana.sy\/tr\/?p=306198","title":{"rendered":"K\u00fclt\u00fcr Bakan\u0131, Cezayir&#8217;in \u015eam B\u00fcy\u00fckel\u00e7isi \u0130le \u0130ki \u00dclke Aras\u0131ndaki K\u00fclt\u00fcrel \u0130li\u015fkileri G\u00f6r\u00fc\u015ft\u00fc"},"content":{"rendered":"<p style=\"text-align: justify;\"><strong>\u015eAM (SANA) &#8211;<\/strong>\u00a0 Bug\u00fcn K\u00fclt\u00fcr Bakan\u0131 Lubana M\u00fc\u015favveh, Cezayir&#8217;in \u015eam B\u00fcy\u00fckel\u00e7isi Kemal Ebu \u015eama ile iki karde\u015f \u00fclke aras\u0131ndaki k\u00fclt\u00fcrel ili\u015fkileri g\u00f6r\u00fc\u015ft\u00fc.<\/p>\n<p style=\"text-align: justify;\">\u015eam&#8217;daki bakanl\u0131k binas\u0131nda yap\u0131lan g\u00f6r\u00fc\u015fmede iki taraf, iki \u00fclke aras\u0131ndaki k\u00fclt\u00fcrel al\u0131\u015fveri\u015fin \u00f6nemini ve bunun sanat, miras ve antik eserlerin t\u00fcm alanlar\u0131nda etkinle\u015ftirilmesinin gereklili\u011fini vurgulad\u0131.<\/p>\n<p style=\"text-align: center;\"><strong><a href=\"https:\/\/t.me\/SuriyeArapHaberAjansI\">Telegram Kanal\u0131m\u0131z\u00a0<\/a>||<a href=\"https:\/\/twitter.com\/arap_ajans\">X Platformumuz\u00a0<\/a>||<a href=\"https:\/\/www.facebook.com\/SANAHaberAjansi\/\">Facebook Sayfam\u0131z<\/a><\/strong><\/p>\n","protected":false},"excerpt":{"rendered":"<p>\u015eAM (SANA) &#8211;\u00a0 Bug\u00fcn K\u00fclt\u00fcr Bakan\u0131 Lubana M\u00fc\u015favveh, Cezayir&#8217;in \u015eam B\u00fcy\u00fckel\u00e7isi Kemal Ebu \u015eama ile iki karde\u015f \u00fclke aras\u0131ndaki k\u00fclt\u00fcrel ili\u015fkileri g\u00f6r\u00fc\u015ft\u00fc. \u015eam&#8217;daki bakanl\u0131k binas\u0131nda yap\u0131lan g\u00f6r\u00fc\u015fmede iki taraf, iki \u00fclke aras\u0131ndaki k\u00fclt\u00fcrel al\u0131\u015fveri\u015fin \u00f6nemini ve bunun sanat, miras ve antik eserlerin t\u00fcm alanlar\u0131nda etkinle\u015ftirilmesinin gereklili\u011fini vurgulad\u0131. Telegram Kanal\u0131m\u0131z\u00a0||X Platformumuz\u00a0||Facebook Sayfam\u0131z<\/p>\n","protected":false},"author":41,"featured_media":306199,"comment_status":"closed","ping_status":"closed","sticky":false,"template":"","format":"standard","meta":{"footnotes":""},"categories":[516,511,17988],"tags":[42081,27920],"class_list":["post-306198","post","type-post","status-publish","format-standard","has-post-thumbnail","","category-haberler-kultur-ve-sanat","category-kultur-ve-sanat","category-son-haberler","tag-cezayirin-sam-buyukelcisi-ile-iki-ulke-arasindaki-kulturel-iliskileri-gorustu","tag-kultur-bakani"],"_links":{"self":[{"href":"https:\/\/archive.sana.sy\/tr\/index.php?rest_route=\/wp\/v2\/posts\/306198","targetHints":{"allow":["GET"]}}],"collection":[{"href":"https:\/\/archive.sana.sy\/tr\/index.php?rest_route=\/wp\/v2\/posts"}],"about":[{"href":"https:\/\/archive.sana.sy\/tr\/index.php?rest_route=\/wp\/v2\/types\/post"}],"author":[{"embeddable":true,"href":"https:\/\/archive.sana.sy\/tr\/index.php?rest_route=\/wp\/v2\/users\/41"}],"replies":[{"embeddable":true,"href":"https:\/\/archive.sana.sy\/tr\/index.php?rest_route=%2Fwp%2Fv2%2Fcomments&post=306198"}],"version-history":[{"count":1,"href":"https:\/\/archive.sana.sy\/tr\/index.php?rest_route=\/wp\/v2\/posts\/306198\/revisions"}],"predecessor-version":[{"id":306200,"href":"https:\/\/archive.sana.sy\/tr\/index.php?rest_route=\/wp\/v2\/posts\/306198\/revisions\/306200"}],"wp:featuredmedia":[{"embeddable":true,"href":"https:\/\/archive.sana.sy\/tr\/index.php?rest_route=\/wp\/v2\/media\/306199"}],"wp:attachment":[{"href":"https:\/\/archive.sana.sy\/tr\/index.php?rest_route=%2Fwp%2Fv2%2Fmedia&parent=306198"}],"wp:term":[{"taxonomy":"category","embeddable":true,"href":"https:\/\/archive.sana.sy\/tr\/index.php?rest_route=%2Fwp%2Fv2%2Fcategories&post=306198"},{"taxonomy":"post_tag","embeddable":true,"href":"https:\/\/archive.sana.sy\/tr\/index.php?rest_route=%2Fwp%2Fv2%2Ftags&post=306198"}],"curies":[{"name":"wp","href":"https:\/\/api.w.org\/{rel}","templated":true}]}}