{"id":306269,"date":"2024-08-06T15:29:33","date_gmt":"2024-08-06T12:29:33","guid":{"rendered":"https:\/\/sana.sy\/tr\/?p=306269"},"modified":"2024-08-09T08:56:40","modified_gmt":"2024-08-09T05:56:40","slug":"isgalin-gazze-seridine-yonelik-saldirganligina-baslamasindan-bu-yana-39-bin-653-sehit","status":"publish","type":"post","link":"https:\/\/archive.sana.sy\/tr\/?p=306269","title":{"rendered":"\u0130\u015fgalin Gazze \u015eeridi&#8217;ne Y\u00f6nelik Sald\u0131rganl\u0131\u011f\u0131na Ba\u015flamas\u0131ndan Bu Yana 39 Bin 653 \u015eehit"},"content":{"rendered":"<p style=\"text-align: justify;\"><strong>\u0130\u015eGAL ED\u0130LEN KUD\u00dcS (SANA) &#8211;<\/strong>\u00a0 Filistin Sa\u011fl\u0131k Bakanl\u0131\u011f\u0131, i\u015fgalci \u0130srail&#8217;in Gazze \u015eeridi&#8217;nde son 24 saatte 3 katliam ger\u00e7ekle\u015ftirdi\u011fini, 30 \u015fehit ve 66 yaral\u0131n\u0131n kald\u0131\u011f\u0131n\u0131 duyurdu.<\/p>\n<p style=\"text-align: justify;\">Bakanl\u0131k bug\u00fcn yapt\u0131\u011f\u0131 a\u00e7\u0131klamada \u015funlar\u0131 s\u00f6yledi: \u2018\u2019Gazze \u015eeridi&#8217;nde 305&#8217;inci g\u00fcn\u00fcnde devam eden i\u015fgal sald\u0131r\u0131s\u0131nda \u015fehit say\u0131s\u0131 39 bin 653&#8217;e, yaral\u0131 say\u0131s\u0131 ise 91 bin 535&#8217;e y\u00fckseldi. Baz\u0131 ma\u011fdurlar halen moloz alt\u0131nda ve yollardayken, ambulans ve sivil savunma ekipleri onlara ula\u015fam\u0131yor.\u2019\u2019<\/p>\n<p style=\"text-align: justify;\">Gazze \u015eeridi&#8217;nin kuzeyindeki Beyit Lahia, g\u00fcneyindeki Refah, Deyir El Balah ve merkezindeki Nuseyrat kamp\u0131na i\u015fgal u\u00e7aklar\u0131 ve top\u00e7u bombard\u0131man\u0131 sonucu bug\u00fcn erken saatlerde 8 Filistinli \u015fehit oldu, \u00e7ok say\u0131da ki\u015fi de yaraland\u0131.<\/p>\n<p style=\"text-align: center;\"><strong><a href=\"https:\/\/t.me\/SuriyeArapHaberAjansI\">Telegram Kanal\u0131m\u0131z\u00a0<\/a>||<a href=\"https:\/\/twitter.com\/arap_ajans\">X Platformumuz\u00a0<\/a>||<a href=\"https:\/\/www.facebook.com\/SANAHaberAjansi\/\">Facebook Sayfam\u0131z<\/a><\/strong><\/p>\n","protected":false},"excerpt":{"rendered":"<p>\u0130\u015eGAL ED\u0130LEN KUD\u00dcS (SANA) &#8211;\u00a0 Filistin Sa\u011fl\u0131k Bakanl\u0131\u011f\u0131, i\u015fgalci \u0130srail&#8217;in Gazze \u015eeridi&#8217;nde son 24 saatte 3 katliam ger\u00e7ekle\u015ftirdi\u011fini, 30 \u015fehit ve 66 yaral\u0131n\u0131n kald\u0131\u011f\u0131n\u0131 duyurdu. Bakanl\u0131k bug\u00fcn yapt\u0131\u011f\u0131 a\u00e7\u0131klamada \u015funlar\u0131 s\u00f6yledi: \u2018\u2019Gazze \u015eeridi&#8217;nde 305&#8217;inci g\u00fcn\u00fcnde devam eden i\u015fgal sald\u0131r\u0131s\u0131nda \u015fehit say\u0131s\u0131 39 bin 653&#8217;e, yaral\u0131 say\u0131s\u0131 ise 91 bin 535&#8217;e y\u00fckseldi. Baz\u0131 ma\u011fdurlar halen moloz &hellip;<\/p>\n","protected":false},"author":41,"featured_media":306270,"comment_status":"closed","ping_status":"closed","sticky":false,"template":"","format":"standard","meta":{"footnotes":""},"categories":[458,459,17988],"tags":[42086],"class_list":["post-306269","post","type-post","status-publish","format-standard","has-post-thumbnail","","category-dunya1","category-haberler-arap-uluslararasi-politika","category-son-haberler","tag-isgalin-gazze-seridine-yonelik-saldirganligina-baslamasindan-bu-yana-39-bin-653-sehit"],"_links":{"self":[{"href":"https:\/\/archive.sana.sy\/tr\/index.php?rest_route=\/wp\/v2\/posts\/306269","targetHints":{"allow":["GET"]}}],"collection":[{"href":"https:\/\/archive.sana.sy\/tr\/index.php?rest_route=\/wp\/v2\/posts"}],"about":[{"href":"https:\/\/archive.sana.sy\/tr\/index.php?rest_route=\/wp\/v2\/types\/post"}],"author":[{"embeddable":true,"href":"https:\/\/archive.sana.sy\/tr\/index.php?rest_route=\/wp\/v2\/users\/41"}],"replies":[{"embeddable":true,"href":"https:\/\/archive.sana.sy\/tr\/index.php?rest_route=%2Fwp%2Fv2%2Fcomments&post=306269"}],"version-history":[{"count":1,"href":"https:\/\/archive.sana.sy\/tr\/index.php?rest_route=\/wp\/v2\/posts\/306269\/revisions"}],"predecessor-version":[{"id":306271,"href":"https:\/\/archive.sana.sy\/tr\/index.php?rest_route=\/wp\/v2\/posts\/306269\/revisions\/306271"}],"wp:featuredmedia":[{"embeddable":true,"href":"https:\/\/archive.sana.sy\/tr\/index.php?rest_route=\/wp\/v2\/media\/306270"}],"wp:attachment":[{"href":"https:\/\/archive.sana.sy\/tr\/index.php?rest_route=%2Fwp%2Fv2%2Fmedia&parent=306269"}],"wp:term":[{"taxonomy":"category","embeddable":true,"href":"https:\/\/archive.sana.sy\/tr\/index.php?rest_route=%2Fwp%2Fv2%2Fcategories&post=306269"},{"taxonomy":"post_tag","embeddable":true,"href":"https:\/\/archive.sana.sy\/tr\/index.php?rest_route=%2Fwp%2Fv2%2Ftags&post=306269"}],"curies":[{"name":"wp","href":"https:\/\/api.w.org\/{rel}","templated":true}]}}