{"id":306275,"date":"2024-08-06T10:59:48","date_gmt":"2024-08-06T07:59:48","guid":{"rendered":"https:\/\/sana.sy\/tr\/?p=306275"},"modified":"2024-08-07T08:05:53","modified_gmt":"2024-08-07T05:05:53","slug":"soygu-tahrandaki-gorusmelerim-orta-dogu-bolgesindeki-gerginlikle-ilgiliydi","status":"publish","type":"post","link":"https:\/\/archive.sana.sy\/tr\/?p=306275","title":{"rendered":"Shoigu: Tahran&#8217;daki G\u00f6r\u00fc\u015fmelerim Orta Do\u011fu B\u00f6lgesindeki Gerginlikle \u0130lgiliydi"},"content":{"rendered":"<p style=\"text-align: justify;\"><strong>MOSKOVA (SANA) &#8211;<\/strong> Rusya G\u00fcvenlik Konseyi Sekreteri Sergei Shoigu, d\u00fcn Tahran&#8217;a yapt\u0131\u011f\u0131 \u00e7al\u0131\u015fma ziyaretinde \u0130ran Cumhurba\u015fkan\u0131 Mesud Peze\u015fkiyan ve \u0130ran Y\u00fcksek Ulusal G\u00fcvenlik Konseyi Sekreteri Ali Ekber Ahmadian ile Suriye&#8217;deki durumu ve \u0130slami Direni\u015f Hareketi Hamas Siyasi B\u00fcrosu ba\u015fkan\u0131na d\u00fczenlenen suikast\u0131n yans\u0131malar\u0131n\u0131 ele ald\u0131\u011f\u0131n\u0131 duyurdu.<\/p>\n<p style=\"text-align: justify;\">RT web sitesi Shoigu&#8217;nun bug\u00fcn gazetecilere yapt\u0131\u011f\u0131 konu\u015fmada \u015funlar\u0131 s\u00f6yledi\u011fini aktard\u0131: \u201cElbette \u0130ran&#8217;\u0131n yeni cumhurba\u015fkan\u0131 ve G\u00fcvenlik Konseyi Sekreteri ile yapt\u0131\u011f\u0131m\u0131z toplant\u0131da Suriye&#8217;den ba\u015flay\u0131p L\u00fcbnan&#8217;da artan gerilime kadar pek \u00e7ok geli\u015fmeyi kapsayan konular\u0131 ele ald\u0131k. Ayr\u0131ca Tahran&#8217;da son zamanlarda meydana gelen ve Haniye suikast\u0131n\u0131n temsil etti\u011fi trajik olaylar\u0131 da tart\u0131\u015ft\u0131k.&#8221;<\/p>\n<p style=\"text-align: center;\"><strong><a href=\"https:\/\/t.me\/SuriyeArapHaberAjansI\">Telegram Kanal\u0131m\u0131z\u00a0<\/a>||<a href=\"https:\/\/twitter.com\/arap_ajans\">X Platformumuz\u00a0<\/a>||<a href=\"https:\/\/www.facebook.com\/SANAHaberAjansi\/\">Facebook Sayfam\u0131z<\/a><\/strong><\/p>\n","protected":false},"excerpt":{"rendered":"<p>MOSKOVA (SANA) &#8211; Rusya G\u00fcvenlik Konseyi Sekreteri Sergei Shoigu, d\u00fcn Tahran&#8217;a yapt\u0131\u011f\u0131 \u00e7al\u0131\u015fma ziyaretinde \u0130ran Cumhurba\u015fkan\u0131 Mesud Peze\u015fkiyan ve \u0130ran Y\u00fcksek Ulusal G\u00fcvenlik Konseyi Sekreteri Ali Ekber Ahmadian ile Suriye&#8217;deki durumu ve \u0130slami Direni\u015f Hareketi Hamas Siyasi B\u00fcrosu ba\u015fkan\u0131na d\u00fczenlenen suikast\u0131n yans\u0131malar\u0131n\u0131 ele ald\u0131\u011f\u0131n\u0131 duyurdu. RT web sitesi Shoigu&#8217;nun bug\u00fcn gazetecilere yapt\u0131\u011f\u0131 konu\u015fmada \u015funlar\u0131 s\u00f6yledi\u011fini &hellip;<\/p>\n","protected":false},"author":41,"featured_media":306276,"comment_status":"closed","ping_status":"closed","sticky":false,"template":"","format":"standard","meta":{"footnotes":""},"categories":[458,459,17988],"tags":[42088],"class_list":["post-306275","post","type-post","status-publish","format-standard","has-post-thumbnail","","category-dunya1","category-haberler-arap-uluslararasi-politika","category-son-haberler","tag-soygu-tahrandaki-gorusmelerim-orta-dogu-bolgesindeki-gerginlikle-ilgiliydi"],"_links":{"self":[{"href":"https:\/\/archive.sana.sy\/tr\/index.php?rest_route=\/wp\/v2\/posts\/306275","targetHints":{"allow":["GET"]}}],"collection":[{"href":"https:\/\/archive.sana.sy\/tr\/index.php?rest_route=\/wp\/v2\/posts"}],"about":[{"href":"https:\/\/archive.sana.sy\/tr\/index.php?rest_route=\/wp\/v2\/types\/post"}],"author":[{"embeddable":true,"href":"https:\/\/archive.sana.sy\/tr\/index.php?rest_route=\/wp\/v2\/users\/41"}],"replies":[{"embeddable":true,"href":"https:\/\/archive.sana.sy\/tr\/index.php?rest_route=%2Fwp%2Fv2%2Fcomments&post=306275"}],"version-history":[{"count":2,"href":"https:\/\/archive.sana.sy\/tr\/index.php?rest_route=\/wp\/v2\/posts\/306275\/revisions"}],"predecessor-version":[{"id":306278,"href":"https:\/\/archive.sana.sy\/tr\/index.php?rest_route=\/wp\/v2\/posts\/306275\/revisions\/306278"}],"wp:featuredmedia":[{"embeddable":true,"href":"https:\/\/archive.sana.sy\/tr\/index.php?rest_route=\/wp\/v2\/media\/306276"}],"wp:attachment":[{"href":"https:\/\/archive.sana.sy\/tr\/index.php?rest_route=%2Fwp%2Fv2%2Fmedia&parent=306275"}],"wp:term":[{"taxonomy":"category","embeddable":true,"href":"https:\/\/archive.sana.sy\/tr\/index.php?rest_route=%2Fwp%2Fv2%2Fcategories&post=306275"},{"taxonomy":"post_tag","embeddable":true,"href":"https:\/\/archive.sana.sy\/tr\/index.php?rest_route=%2Fwp%2Fv2%2Ftags&post=306275"}],"curies":[{"name":"wp","href":"https:\/\/api.w.org\/{rel}","templated":true}]}}