{"id":306293,"date":"2024-08-07T15:13:26","date_gmt":"2024-08-07T12:13:26","guid":{"rendered":"https:\/\/sana.sy\/tr\/?p=306293"},"modified":"2024-08-09T08:56:54","modified_gmt":"2024-08-09T05:56:54","slug":"gazze-seridinde-306nci-gununde-devam-eden-isgal-saldirganligi-sonucu-sehit-ve-yaralilar","status":"publish","type":"post","link":"https:\/\/archive.sana.sy\/tr\/?p=306293","title":{"rendered":"Gazze \u015eeridi&#8217;nde 306&#8217;nc\u0131 G\u00fcn\u00fcnde Devam Eden \u0130\u015fgal Sald\u0131rganl\u0131\u011f\u0131 Sonucu \u015eehit Ve Yaral\u0131lar"},"content":{"rendered":"<p style=\"text-align: justify;\"><strong>\u0130\u015eGAL ED\u0130LEN KUD\u00dcS (SANA)<\/strong> &#8211; \u0130srail&#8217;in i\u015fgal edilen Gazze \u015eeridi&#8217;ne y\u00f6nelik 306&#8217;nc\u0131 g\u00fcn\u00fcnde devam eden i\u015fgal sald\u0131rganl\u0131klar\u0131 sonucunda bug\u00fcn 3 Filistinli \u015fehit oldu, \u00e7ok say\u0131da ki\u015fi de yaraland\u0131.<\/p>\n<p style=\"text-align: justify;\">Wafa Ajans\u0131, \u2018\u2019\u0130\u015fgal u\u00e7aklar\u0131n\u0131n Gazze \u015fehrinin do\u011fusundaki El-Tuffah mahallesindeki bir evi bombalamas\u0131 sonucu 3 Filistinli \u00f6ld\u00fc, 3 Filistinli de yaraland\u0131. Ayr\u0131ca Gazze \u015eeridi&#8217;nin g\u00fcneyindeki Han Yunus&#8217;un do\u011fusundaki evleri ve merkezdeki Bureij kamp\u0131n\u0131 da bombalayarak \u00e7ok say\u0131da Filistinliyi yaralad\u0131\u2019\u2019 dedi.<\/p>\n<p style=\"text-align: justify;\">\u0130\u015fgal botlar\u0131 Gazze \u015eeridi&#8217;nin ortas\u0131ndaki Nuseyrat kamp\u0131 a\u00e7\u0131klar\u0131ndaki sahili bombalarken, top\u00e7ular\u0131 Gazze&#8217;deki Tel el-Hava ve el-Zaytun mahallelerini, \u015eeridi&#8217;nin kuzeyindeki Beyt Lahia&#8217;y\u0131 ve g\u00fcneyindeki Refah&#8217;taki b\u00f6lgeleri bombalad\u0131.<\/p>\n<p style=\"text-align: justify;\">Filistin Sa\u011fl\u0131k Bakanl\u0131\u011f\u0131 d\u00fcn, Gazze \u015eeridi&#8217;ne y\u00f6nelik 7 Ekim&#8217;den bu yana devam eden i\u015fgal sald\u0131r\u0131s\u0131nda \u00f6lenlerin say\u0131s\u0131n\u0131n 39 bin 653 \u015fehit ve 91 bin 535 yaral\u0131ya y\u00fckseldi\u011fini duyurmu\u015ftu.<\/p>\n<p style=\"text-align: center;\"><strong><a href=\"https:\/\/t.me\/SuriyeArapHaberAjansI\">Telegram Kanal\u0131m\u0131z\u00a0<\/a>||<a href=\"https:\/\/twitter.com\/arap_ajans\">X Platformumuz\u00a0<\/a>||<a href=\"https:\/\/www.facebook.com\/SANAHaberAjansi\/\">Facebook Sayfam\u0131z<\/a><\/strong><\/p>\n","protected":false},"excerpt":{"rendered":"<p>\u0130\u015eGAL ED\u0130LEN KUD\u00dcS (SANA) &#8211; \u0130srail&#8217;in i\u015fgal edilen Gazze \u015eeridi&#8217;ne y\u00f6nelik 306&#8217;nc\u0131 g\u00fcn\u00fcnde devam eden i\u015fgal sald\u0131rganl\u0131klar\u0131 sonucunda bug\u00fcn 3 Filistinli \u015fehit oldu, \u00e7ok say\u0131da ki\u015fi de yaraland\u0131. Wafa Ajans\u0131, \u2018\u2019\u0130\u015fgal u\u00e7aklar\u0131n\u0131n Gazze \u015fehrinin do\u011fusundaki El-Tuffah mahallesindeki bir evi bombalamas\u0131 sonucu 3 Filistinli \u00f6ld\u00fc, 3 Filistinli de yaraland\u0131. Ayr\u0131ca Gazze \u015eeridi&#8217;nin g\u00fcneyindeki Han Yunus&#8217;un do\u011fusundaki &hellip;<\/p>\n","protected":false},"author":41,"featured_media":306294,"comment_status":"closed","ping_status":"closed","sticky":false,"template":"","format":"standard","meta":{"footnotes":""},"categories":[458,459,17988],"tags":[],"class_list":["post-306293","post","type-post","status-publish","format-standard","has-post-thumbnail","","category-dunya1","category-haberler-arap-uluslararasi-politika","category-son-haberler"],"_links":{"self":[{"href":"https:\/\/archive.sana.sy\/tr\/index.php?rest_route=\/wp\/v2\/posts\/306293","targetHints":{"allow":["GET"]}}],"collection":[{"href":"https:\/\/archive.sana.sy\/tr\/index.php?rest_route=\/wp\/v2\/posts"}],"about":[{"href":"https:\/\/archive.sana.sy\/tr\/index.php?rest_route=\/wp\/v2\/types\/post"}],"author":[{"embeddable":true,"href":"https:\/\/archive.sana.sy\/tr\/index.php?rest_route=\/wp\/v2\/users\/41"}],"replies":[{"embeddable":true,"href":"https:\/\/archive.sana.sy\/tr\/index.php?rest_route=%2Fwp%2Fv2%2Fcomments&post=306293"}],"version-history":[{"count":1,"href":"https:\/\/archive.sana.sy\/tr\/index.php?rest_route=\/wp\/v2\/posts\/306293\/revisions"}],"predecessor-version":[{"id":306295,"href":"https:\/\/archive.sana.sy\/tr\/index.php?rest_route=\/wp\/v2\/posts\/306293\/revisions\/306295"}],"wp:featuredmedia":[{"embeddable":true,"href":"https:\/\/archive.sana.sy\/tr\/index.php?rest_route=\/wp\/v2\/media\/306294"}],"wp:attachment":[{"href":"https:\/\/archive.sana.sy\/tr\/index.php?rest_route=%2Fwp%2Fv2%2Fmedia&parent=306293"}],"wp:term":[{"taxonomy":"category","embeddable":true,"href":"https:\/\/archive.sana.sy\/tr\/index.php?rest_route=%2Fwp%2Fv2%2Fcategories&post=306293"},{"taxonomy":"post_tag","embeddable":true,"href":"https:\/\/archive.sana.sy\/tr\/index.php?rest_route=%2Fwp%2Fv2%2Ftags&post=306293"}],"curies":[{"name":"wp","href":"https:\/\/api.w.org\/{rel}","templated":true}]}}