{"id":306296,"date":"2024-08-07T15:17:48","date_gmt":"2024-08-07T12:17:48","guid":{"rendered":"https:\/\/sana.sy\/tr\/?p=306296"},"modified":"2024-08-09T08:56:56","modified_gmt":"2024-08-09T05:56:56","slug":"lubnan-israilin-cuya-kasabasina-duzenledigi-saldirganlikta-bir-kisi-sehit-dustu-4-kisi-yaralandi","status":"publish","type":"post","link":"https:\/\/archive.sana.sy\/tr\/?p=306296","title":{"rendered":"L\u00fcbnan: \u0130srail&#8217;in Cuya Kasabas\u0131na D\u00fczenledi\u011fi Sald\u0131rganl\u0131kta Bir Ki\u015fi \u015eehit D\u00fc\u015ft\u00fc, 4 Ki\u015fi Yaraland\u0131"},"content":{"rendered":"<p style=\"text-align: justify;\"><strong>BEYRUT (SANA) &#8211;<\/strong>\u00a0 \u0130srailli d\u00fc\u015fman\u0131n bug\u00fcn L\u00fcbnan&#8217;\u0131n g\u00fcneyindeki Cuya kasabas\u0131na d\u00fczenledi\u011fi bask\u0131n sonucu bir L\u00fcbnanl\u0131 \u015fehit oldu, d\u00f6rt ki\u015fi de yaraland\u0131.<\/p>\n<p style=\"text-align: justify;\">L\u00fcbnan Ulusal Haber Ajans\u0131&#8217;na g\u00f6re L\u00fcbnan Halk Sa\u011fl\u0131\u011f\u0131 Bakanl\u0131\u011f\u0131 yapt\u0131\u011f\u0131 a\u00e7\u0131klamada, \u201c\u0130srail&#8217;in Cuya kasabas\u0131na d\u00fczenledi\u011fi sald\u0131rganl\u0131\u011f\u0131n ilk sonucu olarak bir ki\u015finin \u015fehit olmas\u0131na ve d\u00f6rt ki\u015finin de yaralanmas\u0131na yol a\u00e7t\u0131\u011f\u0131n\u0131 belirtti.<\/p>\n<p style=\"text-align: justify;\">Bug\u00fcn erken saatlerde \u0130srail&#8217;in L\u00fcbnan&#8217;\u0131n g\u00fcneyindeki \u015earka kasabas\u0131n\u0131 hedef alan top\u00e7u ate\u015fi sonucu bir kad\u0131n yaraland\u0131.<\/p>\n<p style=\"text-align: center;\"><strong><a href=\"https:\/\/t.me\/SuriyeArapHaberAjansI\">Telegram Kanal\u0131m\u0131z\u00a0<\/a>||<a href=\"https:\/\/twitter.com\/arap_ajans\">X Platformumuz\u00a0<\/a>||<a href=\"https:\/\/www.facebook.com\/SANAHaberAjansi\/\">Facebook Sayfam\u0131z<\/a><\/strong><\/p>\n","protected":false},"excerpt":{"rendered":"<p>BEYRUT (SANA) &#8211;\u00a0 \u0130srailli d\u00fc\u015fman\u0131n bug\u00fcn L\u00fcbnan&#8217;\u0131n g\u00fcneyindeki Cuya kasabas\u0131na d\u00fczenledi\u011fi bask\u0131n sonucu bir L\u00fcbnanl\u0131 \u015fehit oldu, d\u00f6rt ki\u015fi de yaraland\u0131. L\u00fcbnan Ulusal Haber Ajans\u0131&#8217;na g\u00f6re L\u00fcbnan Halk Sa\u011fl\u0131\u011f\u0131 Bakanl\u0131\u011f\u0131 yapt\u0131\u011f\u0131 a\u00e7\u0131klamada, \u201c\u0130srail&#8217;in Cuya kasabas\u0131na d\u00fczenledi\u011fi sald\u0131rganl\u0131\u011f\u0131n ilk sonucu olarak bir ki\u015finin \u015fehit olmas\u0131na ve d\u00f6rt ki\u015finin de yaralanmas\u0131na yol a\u00e7t\u0131\u011f\u0131n\u0131 belirtti. Bug\u00fcn erken saatlerde &hellip;<\/p>\n","protected":false},"author":41,"featured_media":306297,"comment_status":"closed","ping_status":"closed","sticky":false,"template":"","format":"standard","meta":{"footnotes":""},"categories":[458,459,17988],"tags":[42091,42090],"class_list":["post-306296","post","type-post","status-publish","format-standard","has-post-thumbnail","","category-dunya1","category-haberler-arap-uluslararasi-politika","category-son-haberler","tag-4-kisi-yaralandi","tag-lubnan-israilin-cuya-kasabasina-duzenledigi-saldirganlikta-bir-kisi-sehit-dustu"],"_links":{"self":[{"href":"https:\/\/archive.sana.sy\/tr\/index.php?rest_route=\/wp\/v2\/posts\/306296","targetHints":{"allow":["GET"]}}],"collection":[{"href":"https:\/\/archive.sana.sy\/tr\/index.php?rest_route=\/wp\/v2\/posts"}],"about":[{"href":"https:\/\/archive.sana.sy\/tr\/index.php?rest_route=\/wp\/v2\/types\/post"}],"author":[{"embeddable":true,"href":"https:\/\/archive.sana.sy\/tr\/index.php?rest_route=\/wp\/v2\/users\/41"}],"replies":[{"embeddable":true,"href":"https:\/\/archive.sana.sy\/tr\/index.php?rest_route=%2Fwp%2Fv2%2Fcomments&post=306296"}],"version-history":[{"count":1,"href":"https:\/\/archive.sana.sy\/tr\/index.php?rest_route=\/wp\/v2\/posts\/306296\/revisions"}],"predecessor-version":[{"id":306298,"href":"https:\/\/archive.sana.sy\/tr\/index.php?rest_route=\/wp\/v2\/posts\/306296\/revisions\/306298"}],"wp:featuredmedia":[{"embeddable":true,"href":"https:\/\/archive.sana.sy\/tr\/index.php?rest_route=\/wp\/v2\/media\/306297"}],"wp:attachment":[{"href":"https:\/\/archive.sana.sy\/tr\/index.php?rest_route=%2Fwp%2Fv2%2Fmedia&parent=306296"}],"wp:term":[{"taxonomy":"category","embeddable":true,"href":"https:\/\/archive.sana.sy\/tr\/index.php?rest_route=%2Fwp%2Fv2%2Fcategories&post=306296"},{"taxonomy":"post_tag","embeddable":true,"href":"https:\/\/archive.sana.sy\/tr\/index.php?rest_route=%2Fwp%2Fv2%2Ftags&post=306296"}],"curies":[{"name":"wp","href":"https:\/\/api.w.org\/{rel}","templated":true}]}}