{"id":306299,"date":"2024-08-07T13:25:12","date_gmt":"2024-08-07T10:25:12","guid":{"rendered":"https:\/\/sana.sy\/tr\/?p=306299"},"modified":"2024-08-09T08:56:52","modified_gmt":"2024-08-09T05:56:52","slug":"zaharova-kiev-rejimi-afrikada-rusyaya-karsi-ikinci-bir-cephe-acti","status":"publish","type":"post","link":"https:\/\/archive.sana.sy\/tr\/?p=306299","title":{"rendered":"Zaharova: Kiev Rejimi Afrika&#8217;da Rusya&#8217;ya Kar\u015f\u0131 \u0130kinci Bir Cephe A\u00e7t\u0131"},"content":{"rendered":"<p style=\"text-align: justify;\"><strong>MOKOVA (SANA) &#8211;<\/strong> \u00a0Rusya D\u0131\u015fi\u015fleri Bakanl\u0131\u011f\u0131, Kiev rejiminin ter\u00f6r rejiminin mahiyetinin d\u00fcnya a\u00e7\u0131s\u0131ndan daha net hale geldi\u011fini ve Moskova&#8217;n\u0131n uluslararas\u0131 toplumun dikkatini bu rejimin Afrika&#8217;daki ter\u00f6re verdi\u011fi deste\u011fe \u00e7ekmeye devam etti\u011fini do\u011frulad\u0131.<\/p>\n<p style=\"text-align: justify;\">TASS&#8217;a g\u00f6re Rusya D\u0131\u015fi\u015fleri Bakanl\u0131\u011f\u0131 s\u00f6zc\u00fcs\u00fc Maria Zakharova bug\u00fcn yapt\u0131\u011f\u0131 a\u00e7\u0131klamada \u015funlar\u0131 s\u00f6yledi: \u201cBu ay\u0131n 4&#8217;\u00fcnde Mali&#8217;deki ge\u00e7i\u015f h\u00fck\u00fcmeti Ukrayna ile diplomatik ili\u015fkilerin kesildi\u011fini duyurdu. Bunun nedeni, Kiev&#8217;in ge\u00e7en Temmuz ay\u0131 sonlar\u0131nda Mali&#8217;nin kuzeyinde bir ordu konvoyuna sald\u0131ran ter\u00f6rist gruplara deste\u011fini do\u011frulayan Ukraynal\u0131 yetkililerin a\u00e7\u0131klamalar\u0131yd\u0131.&#8221;<\/p>\n<p style=\"text-align: justify;\">Zakharova ayr\u0131ca, Rusya&#8217;n\u0131n &#8220;uluslararas\u0131 toplumun ve uluslararas\u0131 kurulu\u015flar\u0131n dikkatini Kiev rejiminin bu t\u00fcr barbar uygulamalar\u0131na \u00e7ekmeye devam edece\u011fini&#8221; vurgulad\u0131.<\/p>\n<p style=\"text-align: justify;\">S\u00f6zc\u00fc Zakharova, &#8220;Vladimir Zelenskiy&#8217;in su\u00e7 rejiminin Rusya&#8217;y\u0131 sava\u015fta yenememesi durumunda, Afrika&#8217;da ikinci bir cephe a\u00e7maya ve k\u0131tan\u0131n Moskova&#8217;ya dost \u00fclkelerindeki ter\u00f6rist gruplar\u0131 desteklemeye karar verdi\u011fini&#8221; belirtirken de, Rusya&#8217;n\u0131n Malili yetkililerin Kiev rejimi ile diplomatik ili\u015fkileri koparma gerek\u00e7elerinin fark\u0131nda oldu\u011funu kaydetti.<\/p>\n<p style=\"text-align: justify;\">Zakharova a\u00e7\u0131klamas\u0131nda da, Kiev&#8217;in ter\u00f6ristlerle i\u015fbirli\u011finin Moskova a\u00e7\u0131s\u0131ndan herhangi bir s\u00fcrpriz yaratmad\u0131\u011f\u0131n\u0131, Rusya&#8217;ya kar\u015f\u0131 ter\u00f6r y\u00f6ntemleri kullanmaya, sabotaj operasyonlar\u0131, suikastlar ger\u00e7ekle\u015ftirmeye ve sivil altyap\u0131y\u0131 hedef almaya devam etti\u011fini vurgulad\u0131.<\/p>\n<p style=\"text-align: center;\"><strong><a href=\"https:\/\/t.me\/SuriyeArapHaberAjansI\">Telegram Kanal\u0131m\u0131z\u00a0<\/a>||<a href=\"https:\/\/twitter.com\/arap_ajans\">X Platformumuz\u00a0<\/a>||<a href=\"https:\/\/www.facebook.com\/SANAHaberAjansi\/\">Facebook Sayfam\u0131z<\/a><\/strong><\/p>\n","protected":false},"excerpt":{"rendered":"<p>MOKOVA (SANA) &#8211; \u00a0Rusya D\u0131\u015fi\u015fleri Bakanl\u0131\u011f\u0131, Kiev rejiminin ter\u00f6r rejiminin mahiyetinin d\u00fcnya a\u00e7\u0131s\u0131ndan daha net hale geldi\u011fini ve Moskova&#8217;n\u0131n uluslararas\u0131 toplumun dikkatini bu rejimin Afrika&#8217;daki ter\u00f6re verdi\u011fi deste\u011fe \u00e7ekmeye devam etti\u011fini do\u011frulad\u0131. TASS&#8217;a g\u00f6re Rusya D\u0131\u015fi\u015fleri Bakanl\u0131\u011f\u0131 s\u00f6zc\u00fcs\u00fc Maria Zakharova bug\u00fcn yapt\u0131\u011f\u0131 a\u00e7\u0131klamada \u015funlar\u0131 s\u00f6yledi: \u201cBu ay\u0131n 4&#8217;\u00fcnde Mali&#8217;deki ge\u00e7i\u015f h\u00fck\u00fcmeti Ukrayna ile diplomatik ili\u015fkilerin &hellip;<\/p>\n","protected":false},"author":41,"featured_media":306301,"comment_status":"closed","ping_status":"closed","sticky":false,"template":"","format":"standard","meta":{"footnotes":""},"categories":[458,459,17988],"tags":[42092],"class_list":["post-306299","post","type-post","status-publish","format-standard","has-post-thumbnail","","category-dunya1","category-haberler-arap-uluslararasi-politika","category-son-haberler","tag-zaharova-kiev-rejimi-afrikada-rusyaya-karsi-ikinci-bir-cephe-acti"],"_links":{"self":[{"href":"https:\/\/archive.sana.sy\/tr\/index.php?rest_route=\/wp\/v2\/posts\/306299","targetHints":{"allow":["GET"]}}],"collection":[{"href":"https:\/\/archive.sana.sy\/tr\/index.php?rest_route=\/wp\/v2\/posts"}],"about":[{"href":"https:\/\/archive.sana.sy\/tr\/index.php?rest_route=\/wp\/v2\/types\/post"}],"author":[{"embeddable":true,"href":"https:\/\/archive.sana.sy\/tr\/index.php?rest_route=\/wp\/v2\/users\/41"}],"replies":[{"embeddable":true,"href":"https:\/\/archive.sana.sy\/tr\/index.php?rest_route=%2Fwp%2Fv2%2Fcomments&post=306299"}],"version-history":[{"count":1,"href":"https:\/\/archive.sana.sy\/tr\/index.php?rest_route=\/wp\/v2\/posts\/306299\/revisions"}],"predecessor-version":[{"id":306302,"href":"https:\/\/archive.sana.sy\/tr\/index.php?rest_route=\/wp\/v2\/posts\/306299\/revisions\/306302"}],"wp:featuredmedia":[{"embeddable":true,"href":"https:\/\/archive.sana.sy\/tr\/index.php?rest_route=\/wp\/v2\/media\/306301"}],"wp:attachment":[{"href":"https:\/\/archive.sana.sy\/tr\/index.php?rest_route=%2Fwp%2Fv2%2Fmedia&parent=306299"}],"wp:term":[{"taxonomy":"category","embeddable":true,"href":"https:\/\/archive.sana.sy\/tr\/index.php?rest_route=%2Fwp%2Fv2%2Fcategories&post=306299"},{"taxonomy":"post_tag","embeddable":true,"href":"https:\/\/archive.sana.sy\/tr\/index.php?rest_route=%2Fwp%2Fv2%2Ftags&post=306299"}],"curies":[{"name":"wp","href":"https:\/\/api.w.org\/{rel}","templated":true}]}}