{"id":306303,"date":"2024-08-07T12:31:09","date_gmt":"2024-08-07T09:31:09","guid":{"rendered":"https:\/\/sana.sy\/tr\/?p=306303"},"modified":"2024-08-09T08:56:50","modified_gmt":"2024-08-09T05:56:50","slug":"esir-isleri-isgal-gozalti-merkezlerinde-hayati-cehenneme-donen-9-binden-fazla-esir-vardir","status":"publish","type":"post","link":"https:\/\/archive.sana.sy\/tr\/?p=306303","title":{"rendered":"Esir \u0130\u015fleri: \u0130\u015fgal G\u00f6zalt\u0131 Merkezlerinde Hayat\u0131 Cehenneme D\u00f6nen 9 Binden Fazla Esir Vard\u0131r"},"content":{"rendered":"<p style=\"text-align: justify;\"><strong>\u0130\u015eGAL ED\u0130LEN KUD\u00dcS (SANA)<\/strong> &#8211; \u00a0Filistinli Esirler ve Eski Tutuklular \u0130\u015fleri Kurumu, 9 binden fazla mahkumun aylard\u0131r \u0130srail i\u015fgali g\u00f6zalt\u0131 merkezlerinde \u00e7\u00fcr\u00fcd\u00fc\u011f\u00fcn\u00fc, benzeri g\u00f6r\u00fclmemi\u015f i\u015fkence \u00f6nlemleriyle kar\u015f\u0131 kar\u015f\u0131ya kald\u0131\u011f\u0131n\u0131 ve hayatlar\u0131n\u0131 cehenneme \u00e7eviren her t\u00fcrl\u00fc i\u015fkenceye maruz kald\u0131\u011f\u0131n\u0131 do\u011frulad\u0131.<\/p>\n<p style=\"text-align: justify;\">Kurum bug\u00fcn Wafa Ajans\u0131 taraf\u0131ndan bildirilen bir a\u00e7\u0131klamada, i\u015fgalin mahkumlara y\u00f6nelik sald\u0131rgan ve insanl\u0131k d\u0131\u015f\u0131 uygulamalar\u0131n\u0131n onlar\u0131 k\u00fc\u00e7\u00fck d\u00fc\u015f\u00fcrmeyi ve kararl\u0131l\u0131klar\u0131n\u0131 k\u0131rmay\u0131 ama\u00e7lad\u0131\u011f\u0131n\u0131 ve bunun t\u00fcm uluslararas\u0131 norm ve anla\u015fmalar\u0131 ihlal etti\u011fini a\u00e7\u0131klad\u0131.<\/p>\n<p style=\"text-align: justify;\">Kurum a\u00e7\u0131klamas\u0131nda ayr\u0131ca, i\u015fgalin, onlar\u0131 d\u0131\u015f d\u00fcnyadan izole ederek, i\u015fkence yaparak, a\u00e7l\u0131ktan \u00f6l\u00fcrken ve ailelerini ve avukatlar\u0131n\u0131 ziyaret etmelerini engelleyerek mahkumlara kar\u015f\u0131 kolektif ceza politikas\u0131n\u0131 s\u00fcrd\u00fcrd\u00fc\u011f\u00fcne dikkat \u00e7ekti.<\/p>\n<p style=\"text-align: center;\"><strong><a href=\"https:\/\/t.me\/SuriyeArapHaberAjansI\">Telegram Kanal\u0131m\u0131z\u00a0<\/a>||<a href=\"https:\/\/twitter.com\/arap_ajans\">X Platformumuz\u00a0<\/a>||<a href=\"https:\/\/www.facebook.com\/SANAHaberAjansi\/\">Facebook Sayfam\u0131z<\/a><\/strong><\/p>\n","protected":false},"excerpt":{"rendered":"<p>\u0130\u015eGAL ED\u0130LEN KUD\u00dcS (SANA) &#8211; \u00a0Filistinli Esirler ve Eski Tutuklular \u0130\u015fleri Kurumu, 9 binden fazla mahkumun aylard\u0131r \u0130srail i\u015fgali g\u00f6zalt\u0131 merkezlerinde \u00e7\u00fcr\u00fcd\u00fc\u011f\u00fcn\u00fc, benzeri g\u00f6r\u00fclmemi\u015f i\u015fkence \u00f6nlemleriyle kar\u015f\u0131 kar\u015f\u0131ya kald\u0131\u011f\u0131n\u0131 ve hayatlar\u0131n\u0131 cehenneme \u00e7eviren her t\u00fcrl\u00fc i\u015fkenceye maruz kald\u0131\u011f\u0131n\u0131 do\u011frulad\u0131. Kurum bug\u00fcn Wafa Ajans\u0131 taraf\u0131ndan bildirilen bir a\u00e7\u0131klamada, i\u015fgalin mahkumlara y\u00f6nelik sald\u0131rgan ve insanl\u0131k d\u0131\u015f\u0131 uygulamalar\u0131n\u0131n &hellip;<\/p>\n","protected":false},"author":41,"featured_media":306304,"comment_status":"closed","ping_status":"closed","sticky":false,"template":"","format":"standard","meta":{"footnotes":""},"categories":[458,459,17988],"tags":[],"class_list":["post-306303","post","type-post","status-publish","format-standard","has-post-thumbnail","","category-dunya1","category-haberler-arap-uluslararasi-politika","category-son-haberler"],"_links":{"self":[{"href":"https:\/\/archive.sana.sy\/tr\/index.php?rest_route=\/wp\/v2\/posts\/306303","targetHints":{"allow":["GET"]}}],"collection":[{"href":"https:\/\/archive.sana.sy\/tr\/index.php?rest_route=\/wp\/v2\/posts"}],"about":[{"href":"https:\/\/archive.sana.sy\/tr\/index.php?rest_route=\/wp\/v2\/types\/post"}],"author":[{"embeddable":true,"href":"https:\/\/archive.sana.sy\/tr\/index.php?rest_route=\/wp\/v2\/users\/41"}],"replies":[{"embeddable":true,"href":"https:\/\/archive.sana.sy\/tr\/index.php?rest_route=%2Fwp%2Fv2%2Fcomments&post=306303"}],"version-history":[{"count":1,"href":"https:\/\/archive.sana.sy\/tr\/index.php?rest_route=\/wp\/v2\/posts\/306303\/revisions"}],"predecessor-version":[{"id":306305,"href":"https:\/\/archive.sana.sy\/tr\/index.php?rest_route=\/wp\/v2\/posts\/306303\/revisions\/306305"}],"wp:featuredmedia":[{"embeddable":true,"href":"https:\/\/archive.sana.sy\/tr\/index.php?rest_route=\/wp\/v2\/media\/306304"}],"wp:attachment":[{"href":"https:\/\/archive.sana.sy\/tr\/index.php?rest_route=%2Fwp%2Fv2%2Fmedia&parent=306303"}],"wp:term":[{"taxonomy":"category","embeddable":true,"href":"https:\/\/archive.sana.sy\/tr\/index.php?rest_route=%2Fwp%2Fv2%2Fcategories&post=306303"},{"taxonomy":"post_tag","embeddable":true,"href":"https:\/\/archive.sana.sy\/tr\/index.php?rest_route=%2Fwp%2Fv2%2Ftags&post=306303"}],"curies":[{"name":"wp","href":"https:\/\/api.w.org\/{rel}","templated":true}]}}