{"id":306311,"date":"2024-08-07T17:46:11","date_gmt":"2024-08-07T14:46:11","guid":{"rendered":"https:\/\/sana.sy\/tr\/?p=306311"},"modified":"2024-08-09T08:57:01","modified_gmt":"2024-08-09T05:57:01","slug":"75-cocuk-saglik-ve-eglence-kampina-katilmak-icin-belarusa-gidiyor","status":"publish","type":"post","link":"https:\/\/archive.sana.sy\/tr\/?p=306311","title":{"rendered":"75 \u00c7ocuk Sa\u011fl\u0131k Ve E\u011flence Kamp\u0131na Kat\u0131lmak \u0130\u00e7in Belarus&#8217;a Gidiyor"},"content":{"rendered":"<p style=\"text-align: justify;\"><strong>\u015eAM (SANA)<\/strong> &#8211; \u015eehitlerin \u00e7ocuk ve k\u0131zlar\u0131ndan olu\u015fan 75 ki\u015fiden olu\u015fan Suriye heyeti, Sosyal \u0130\u015fler ve \u00c7al\u0131\u015fma <img loading=\"lazy\" decoding=\"async\" class=\"size-full wp-image-306312 alignright\" src=\"http:\/\/sana.sy\/tr\/wp-content\/uploads\/2024\/08\/photo_2024-08-07_15-58-16-300x201-1.jpg\" alt=\"\" width=\"300\" height=\"201\" srcset=\"https:\/\/archive.sana.sy\/tr\/wp-content\/uploads\/2024\/08\/photo_2024-08-07_15-58-16-300x201-1.jpg 300w, https:\/\/archive.sana.sy\/tr\/wp-content\/uploads\/2024\/08\/photo_2024-08-07_15-58-16-300x201-1-110x75.jpg 110w\" sizes=\"auto, (max-width: 300px) 100vw, 300px\" \/>Bakanl\u0131\u011f\u0131&#8217;ndan 6 m\u00fcfetti\u015f e\u015fli\u011finde &#8220;Zubronak&#8221; sa\u011fl\u0131k ve dinlenme kamp\u0131na kat\u0131lmak \u00fczere bug\u00fcn Belarus Cumhuriyeti&#8217;ne do\u011fru yola \u00e7\u0131kt\u0131.<\/p>\n<p style=\"text-align: justify;\">Sosyal \u0130\u015fler ve \u00c7al\u0131\u015fma Bakan\u0131 Luey El M\u00fcncid, bu kamplar\u0131n kurulmas\u0131ndaki amac\u0131n Suriye&#8217;nin kar\u015f\u0131 kar\u015f\u0131ya kald\u0131\u011f\u0131 ter\u00f6r sava\u015f\u0131ndan etkilenen \u00e7ocuklara maksimum fayday\u0131 sa\u011flamak oldu\u011funu vurgulayarak, nihai hedefin, siyasi ve ekonomik i\u015f birli\u011finin s\u00fcreklili\u011fini sa\u011flamak i\u00e7in iki halk aras\u0131ndaki dostane ili\u015fkileri g\u00fc\u00e7lendirmek oldu\u011funa dikkat \u00e7ekti.<\/p>\n<p style=\"text-align: justify;\">Belarus&#8217;un \u015eam B\u00fcy\u00fckel\u00e7isi Yuri Sluka ise kat\u0131l\u0131mc\u0131 \u00e7ocuklardan gelen geri bildirimler do\u011frultusunda program\u0131n b\u00fcy\u00fck ba\u015far\u0131s\u0131na dikkat \u00e7ekerken, bunun iki \u00fclke aras\u0131ndaki dostane ili\u015fkilerin g\u00fc\u00e7lendirilmesine ve geli\u015ftirilmesine katk\u0131da bulunan k\u00fclt\u00fcr ve deneyim al\u0131\u015fveri\u015fi f\u0131rsat\u0131n\u0131 temsil etti\u011fini kaydetti.<\/p>\n<p style=\"text-align: center;\"><strong><a href=\"https:\/\/t.me\/SuriyeArapHaberAjansI\">Telegram Kanal\u0131m\u0131z\u00a0<\/a>||<a href=\"https:\/\/twitter.com\/arap_ajans\">X Platformumuz\u00a0<\/a>||<a href=\"https:\/\/www.facebook.com\/SANAHaberAjansi\/\">Facebook Sayfam\u0131z<\/a><\/strong><\/p>\n<div id='gallery-1' class='gallery galleryid-306311 gallery-columns-1 gallery-size-full'><figure class='gallery-item'>\n\t\t\t<div class='gallery-icon landscape'>\n\t\t\t\t<a href='https:\/\/archive.sana.sy\/tr\/?attachment_id=306313'><img loading=\"lazy\" decoding=\"async\" width=\"660\" height=\"495\" src=\"https:\/\/archive.sana.sy\/tr\/wp-content\/uploads\/2024\/08\/photo_2024-08-07_15-58-27-1.jpg\" class=\"attachment-full size-full\" alt=\"\" srcset=\"https:\/\/archive.sana.sy\/tr\/wp-content\/uploads\/2024\/08\/photo_2024-08-07_15-58-27-1.jpg 660w, https:\/\/archive.sana.sy\/tr\/wp-content\/uploads\/2024\/08\/photo_2024-08-07_15-58-27-1-300x225.jpg 300w\" sizes=\"auto, (max-width: 660px) 100vw, 660px\" \/><\/a>\n\t\t\t<\/div><\/figure>\n\t\t<\/div>\n\n","protected":false},"excerpt":{"rendered":"<p>\u015eAM (SANA) &#8211; \u015eehitlerin \u00e7ocuk ve k\u0131zlar\u0131ndan olu\u015fan 75 ki\u015fiden olu\u015fan Suriye heyeti, Sosyal \u0130\u015fler ve \u00c7al\u0131\u015fma Bakanl\u0131\u011f\u0131&#8217;ndan 6 m\u00fcfetti\u015f e\u015fli\u011finde &#8220;Zubronak&#8221; sa\u011fl\u0131k ve dinlenme kamp\u0131na kat\u0131lmak \u00fczere bug\u00fcn Belarus Cumhuriyeti&#8217;ne do\u011fru yola \u00e7\u0131kt\u0131. Sosyal \u0130\u015fler ve \u00c7al\u0131\u015fma Bakan\u0131 Luey El M\u00fcncid, bu kamplar\u0131n kurulmas\u0131ndaki amac\u0131n Suriye&#8217;nin kar\u015f\u0131 kar\u015f\u0131ya kald\u0131\u011f\u0131 ter\u00f6r sava\u015f\u0131ndan etkilenen \u00e7ocuklara maksimum &hellip;<\/p>\n","protected":false},"author":41,"featured_media":306314,"comment_status":"closed","ping_status":"closed","sticky":false,"template":"","format":"standard","meta":{"footnotes":""},"categories":[479,17988,478],"tags":[42094],"class_list":["post-306311","post","type-post","status-publish","format-standard","has-post-thumbnail","","category-haberler-yerel","category-son-haberler","category-yerel","tag-75-cocuk-saglik-ve-eglence-kampina-katilmak-icin-belarusa-gidiyor"],"_links":{"self":[{"href":"https:\/\/archive.sana.sy\/tr\/index.php?rest_route=\/wp\/v2\/posts\/306311","targetHints":{"allow":["GET"]}}],"collection":[{"href":"https:\/\/archive.sana.sy\/tr\/index.php?rest_route=\/wp\/v2\/posts"}],"about":[{"href":"https:\/\/archive.sana.sy\/tr\/index.php?rest_route=\/wp\/v2\/types\/post"}],"author":[{"embeddable":true,"href":"https:\/\/archive.sana.sy\/tr\/index.php?rest_route=\/wp\/v2\/users\/41"}],"replies":[{"embeddable":true,"href":"https:\/\/archive.sana.sy\/tr\/index.php?rest_route=%2Fwp%2Fv2%2Fcomments&post=306311"}],"version-history":[{"count":1,"href":"https:\/\/archive.sana.sy\/tr\/index.php?rest_route=\/wp\/v2\/posts\/306311\/revisions"}],"predecessor-version":[{"id":306315,"href":"https:\/\/archive.sana.sy\/tr\/index.php?rest_route=\/wp\/v2\/posts\/306311\/revisions\/306315"}],"wp:featuredmedia":[{"embeddable":true,"href":"https:\/\/archive.sana.sy\/tr\/index.php?rest_route=\/wp\/v2\/media\/306314"}],"wp:attachment":[{"href":"https:\/\/archive.sana.sy\/tr\/index.php?rest_route=%2Fwp%2Fv2%2Fmedia&parent=306311"}],"wp:term":[{"taxonomy":"category","embeddable":true,"href":"https:\/\/archive.sana.sy\/tr\/index.php?rest_route=%2Fwp%2Fv2%2Fcategories&post=306311"},{"taxonomy":"post_tag","embeddable":true,"href":"https:\/\/archive.sana.sy\/tr\/index.php?rest_route=%2Fwp%2Fv2%2Ftags&post=306311"}],"curies":[{"name":"wp","href":"https:\/\/api.w.org\/{rel}","templated":true}]}}