{"id":306316,"date":"2024-08-07T08:00:16","date_gmt":"2024-08-07T05:00:16","guid":{"rendered":"https:\/\/sana.sy\/tr\/?p=306316"},"modified":"2024-08-09T08:56:46","modified_gmt":"2024-08-09T05:56:46","slug":"israilin-lubnanin-guneyine-yonelik-saldirganliklari-sonucu-2-sehit-9-yarali","status":"publish","type":"post","link":"https:\/\/archive.sana.sy\/tr\/?p=306316","title":{"rendered":"\u0130srail&#8217;in L\u00fcbnan&#8217;\u0131n G\u00fcneyine Y\u00f6nelik Sald\u0131rganl\u0131klar\u0131 Sonucu 2 \u015eehit, 9 Yaral\u0131"},"content":{"rendered":"<p style=\"text-align: justify;\"><strong>BEYRUT (SANA) &#8211;<\/strong>\u00a0 L\u00fcbnan Sa\u011fl\u0131k Bakanl\u0131\u011f\u0131&#8217;na g\u00f6re, \u0130srail&#8217;in bu \u00f6\u011fleden sonra L\u00fcbnan&#8217;\u0131n g\u00fcneyindeki Cuya kasabas\u0131nda bir motosikleti hedef alan sald\u0131rganl\u0131\u011f\u0131nda \u015fehit d\u00fc\u015fenlerin say\u0131s\u0131 ikiye ve yaral\u0131lar\u0131n alt\u0131ya y\u00fckseldi.<\/p>\n<p style=\"text-align: justify;\">Bakanl\u0131k ayr\u0131ca, d\u00fc\u015fman &#8220;\u0130srail&#8217;in bug\u00fcn \u015eebaa kasabas\u0131n\u0131 hedef ald\u0131\u011f\u0131 fosforlu top bombard\u0131man\u0131n\u0131n, bir vatanda\u015f\u0131n bo\u011fulma tehlikesi ya\u015famas\u0131na yol a\u00e7t\u0131\u011f\u0131n\u0131 ve bunun tedavi i\u00e7in Merceyun \u00a0Devlet Hastanesi&#8217;nin acil servisine kald\u0131r\u0131lmas\u0131n\u0131 gerektirdi\u011fini&#8221; duyurdu.<\/p>\n<p style=\"text-align: justify;\">\u0130srail sava\u015f u\u00e7aklar\u0131 Beyrut, L\u00fcbnan Da\u011f\u0131, Bchamoun, Aramun, Haldeh, \u015euveyfat ve \u0130klim El Harrub \u00fczerinde iki dalga halinde ses bariyerini k\u0131rd\u0131. D\u00fc\u015fman sava\u015f u\u00e7aklar\u0131 ayr\u0131ca Cezzine ve Sidon \u00fczerinde ve orta irtifadaki G\u00fcney L\u00fcbnan hava sahas\u0131nda da iki dalga halinde ses bariyerini a\u015ft\u0131.<\/p>\n<p style=\"text-align: justify;\">\u00d6te yandan L\u00fcbnan Ulusal Direni\u015fi \u0130srail&#8217;in El Malikiye b\u00f6lgesini f\u00fcze silahlar\u0131yla hedef ald\u0131.<\/p>\n<p style=\"text-align: justify;\">Direni\u015f yapt\u0131\u011f\u0131 a\u00e7\u0131klamada da \u015funlar\u0131 s\u00f6yledi: &#8220;Gazze \u015eeridi&#8217;ndeki kararl\u0131 Filistin halk\u0131m\u0131z\u0131 desteklemek ve onlar\u0131n cesur ve onurlu direni\u015fini desteklemek i\u00e7in direni\u015f sava\u015f\u00e7\u0131lar\u0131 bu \u00f6\u011fleden sonra El Malikiye b\u00f6lgesini f\u00fcze silahlar\u0131yla hedef ald\u0131 ve do\u011frudan vurdu.&#8221;<\/p>\n<p style=\"text-align: center;\"><strong><a href=\"https:\/\/t.me\/SuriyeArapHaberAjansI\">Telegram Kanal\u0131m\u0131z\u00a0<\/a>||<a href=\"https:\/\/twitter.com\/arap_ajans\">X Platformumuz\u00a0<\/a>||<a href=\"https:\/\/www.facebook.com\/SANAHaberAjansi\/\">Facebook Sayfam\u0131z<\/a><\/strong><\/p>\n","protected":false},"excerpt":{"rendered":"<p>BEYRUT (SANA) &#8211;\u00a0 L\u00fcbnan Sa\u011fl\u0131k Bakanl\u0131\u011f\u0131&#8217;na g\u00f6re, \u0130srail&#8217;in bu \u00f6\u011fleden sonra L\u00fcbnan&#8217;\u0131n g\u00fcneyindeki Cuya kasabas\u0131nda bir motosikleti hedef alan sald\u0131rganl\u0131\u011f\u0131nda \u015fehit d\u00fc\u015fenlerin say\u0131s\u0131 ikiye ve yaral\u0131lar\u0131n alt\u0131ya y\u00fckseldi. Bakanl\u0131k ayr\u0131ca, d\u00fc\u015fman &#8220;\u0130srail&#8217;in bug\u00fcn \u015eebaa kasabas\u0131n\u0131 hedef ald\u0131\u011f\u0131 fosforlu top bombard\u0131man\u0131n\u0131n, bir vatanda\u015f\u0131n bo\u011fulma tehlikesi ya\u015famas\u0131na yol a\u00e7t\u0131\u011f\u0131n\u0131 ve bunun tedavi i\u00e7in Merceyun \u00a0Devlet Hastanesi&#8217;nin acil &hellip;<\/p>\n","protected":false},"author":41,"featured_media":306317,"comment_status":"closed","ping_status":"closed","sticky":false,"template":"","format":"standard","meta":{"footnotes":""},"categories":[458,459,17988],"tags":[42096,42095],"class_list":["post-306316","post","type-post","status-publish","format-standard","has-post-thumbnail","","category-dunya1","category-haberler-arap-uluslararasi-politika","category-son-haberler","tag-9-yarali","tag-israilin-lubnanin-guneyine-yonelik-saldirganliklari-sonucu-2-sehit"],"_links":{"self":[{"href":"https:\/\/archive.sana.sy\/tr\/index.php?rest_route=\/wp\/v2\/posts\/306316","targetHints":{"allow":["GET"]}}],"collection":[{"href":"https:\/\/archive.sana.sy\/tr\/index.php?rest_route=\/wp\/v2\/posts"}],"about":[{"href":"https:\/\/archive.sana.sy\/tr\/index.php?rest_route=\/wp\/v2\/types\/post"}],"author":[{"embeddable":true,"href":"https:\/\/archive.sana.sy\/tr\/index.php?rest_route=\/wp\/v2\/users\/41"}],"replies":[{"embeddable":true,"href":"https:\/\/archive.sana.sy\/tr\/index.php?rest_route=%2Fwp%2Fv2%2Fcomments&post=306316"}],"version-history":[{"count":5,"href":"https:\/\/archive.sana.sy\/tr\/index.php?rest_route=\/wp\/v2\/posts\/306316\/revisions"}],"predecessor-version":[{"id":306322,"href":"https:\/\/archive.sana.sy\/tr\/index.php?rest_route=\/wp\/v2\/posts\/306316\/revisions\/306322"}],"wp:featuredmedia":[{"embeddable":true,"href":"https:\/\/archive.sana.sy\/tr\/index.php?rest_route=\/wp\/v2\/media\/306317"}],"wp:attachment":[{"href":"https:\/\/archive.sana.sy\/tr\/index.php?rest_route=%2Fwp%2Fv2%2Fmedia&parent=306316"}],"wp:term":[{"taxonomy":"category","embeddable":true,"href":"https:\/\/archive.sana.sy\/tr\/index.php?rest_route=%2Fwp%2Fv2%2Fcategories&post=306316"},{"taxonomy":"post_tag","embeddable":true,"href":"https:\/\/archive.sana.sy\/tr\/index.php?rest_route=%2Fwp%2Fv2%2Ftags&post=306316"}],"curies":[{"name":"wp","href":"https:\/\/api.w.org\/{rel}","templated":true}]}}