{"id":306323,"date":"2024-08-08T10:55:06","date_gmt":"2024-08-08T07:55:06","guid":{"rendered":"https:\/\/sana.sy\/tr\/?p=306323"},"modified":"2024-08-09T13:03:24","modified_gmt":"2024-08-09T10:03:24","slug":"aksa-tufani-operasyonu-bugunun-en-one-cikan-gelismeleri-217","status":"publish","type":"post","link":"https:\/\/archive.sana.sy\/tr\/?p=306323","title":{"rendered":"Aksa Tufan\u0131 Operasyonu\u2026 Bug\u00fcn\u00fcn En \u00d6ne \u00c7\u0131kan Geli\u015fmeleri"},"content":{"rendered":"<p style=\"text-align: justify;\"><strong>\u0130\u015eGAL ED\u0130LEN KUD\u00dcS (SANA) \u2013\u00a0<\/strong>Filistin direni\u015finin i\u015fgalci \u0130srail\u2019in sald\u0131rganl\u0131\u011f\u0131na yan\u0131t olarak 7 Ekim\u2019de ba\u015flatt\u0131\u011f\u0131 Aksa Tufan\u0131 Operasyonu\u2019nda \u00f6ne \u00e7\u0131kan geli\u015fmeler:<\/p>\n<ul>\n<li style=\"text-align: justify;\">Filistin medyas\u0131: \u0130srail i\u015fgal u\u00e7aklar\u0131n\u0131n Gazze \u015eeridi&#8217;nin g\u00fcneyinde Han Yunus&#8217;un do\u011fusundaki El Karara kasabas\u0131n\u0131 bombalamas\u0131 sonucu 5 \u015fehit ve \u00e7ok say\u0131da yaral\u0131.<\/li>\n<li style=\"text-align: justify;\">Filistin direni\u015fi, Gazze \u015fehrinin g\u00fcneyinde \u201cNetzarim\u201d eksenindeki 107 \u0130srail d\u00fc\u015fman komuta karargah\u0131n\u0131 f\u00fczelerle hedef ald\u0131.<\/li>\n<li style=\"text-align: justify;\"><a href=\"https:\/\/www.sana.sy\/tr\/?p=306336\">Gazze \u015eeridi&#8217;nde son 24 saatte ya\u015fanan i\u015fgal katliamlar\u0131 sonucu 22 \u015fehit.<\/a><\/li>\n<li style=\"text-align: justify;\">Filistin medyas\u0131: \u0130srail i\u015fgal u\u00e7aklar\u0131n\u0131n Gazze \u015eeridi&#8217;nin merkezindeki Nuseyrat kamp\u0131n\u0131n kuzeyindeki evleri bombalamas\u0131 sonucu 4 \u015fehit.<\/li>\n<li style=\"text-align: justify;\">Filistin Sa\u011fl\u0131k Bakanl\u0131\u011f\u0131: \u0130\u015fgalci \u0130srail&#8217;in Gazze \u015eeridi&#8217;nde 307&#8217;nci g\u00fcn\u00fcnde s\u00fcrd\u00fcrd\u00fc\u011f\u00fc sald\u0131r\u0131da hayat\u0131n\u0131 kaybedenlerin say\u0131s\u0131 39 bin 699 \u015fehit ve 91 bin 722 yaral\u0131ya y\u00fckseldi.<\/li>\n<li style=\"text-align: justify;\">Filistin Sa\u011fl\u0131k Bakanl\u0131\u011f\u0131: \u0130\u015fgalci \u0130srail son 24 saatte Gazze \u015eeridi&#8217;nde 4 katliam ger\u00e7ekle\u015ftirdi, bunlar\u0131n kurbanlar\u0131 hastanelere ula\u015ft\u0131, 22 \u015fehit ve 77 yaral\u0131 var.<\/li>\n<li style=\"text-align: justify;\">Filistin medyas\u0131: \u0130srail i\u015fgal u\u00e7aklar\u0131n\u0131n Gazze \u015eeridi&#8217;nin merkezindeki Bureyic kamp\u0131ndaki bir\u00e7ok evi bombalamas\u0131 sonucu \u00f6lenlerin say\u0131s\u0131 8 \u015fehit ve onlarca yaral\u0131ya y\u00fckseldi.<\/li>\n<li style=\"text-align: justify;\">Filistin medyas\u0131: \u0130srail i\u015fgal u\u00e7a\u011f\u0131n\u0131n Gazze \u015eeridi&#8217;nin merkezindeki Bureij m\u00fclteci kamp\u0131ndaki bir evi bombalamas\u0131 sonucu 3 \u015fehit.<\/li>\n<li style=\"text-align: justify;\"><a href=\"https:\/\/www.sana.sy\/tr\/?p=306326\">Gazze \u015eeridi&#8217;ne y\u00f6nelik sald\u0131r\u0131n\u0131n 307. g\u00fcn\u00fcnde i\u015fgalcilerin bir\u00e7ok alan\u0131 bombalamas\u0131 sonucu 8 \u015fehit.<\/a><\/li>\n<li style=\"text-align: justify;\">Filistin medyas\u0131: \u0130srail i\u015fgal u\u00e7aklar\u0131n\u0131n Gazze \u015fehrinin g\u00fcneydo\u011fusundaki El Zaytun semtindeki Kuveyt D\u00f6ner Kav\u015fa\u011f\u0131 civar\u0131n\u0131 bombalamas\u0131 sonucu iki \u015fehit.<\/li>\n<li>\n<p style=\"text-align: justify;\">Filistin medyas\u0131: \u0130srail i\u015fgal u\u00e7aklar\u0131n\u0131n bug\u00fcn \u015fafak vaktinden itibaren Gazze \u015eeridi&#8217;nde 3 evi bombalamas\u0131 sonucu 7 \u015fehit.<\/p>\n<\/li>\n<\/ul>\n<p style=\"text-align: center;\"><strong><a href=\"https:\/\/t.me\/SuriyeArapHaberAjansI\">Telegram Kanal\u0131m\u0131z\u00a0<\/a>||<a href=\"https:\/\/twitter.com\/arap_ajans\">X Platformumuz\u00a0<\/a>||<a href=\"https:\/\/www.facebook.com\/SANAHaberAjansi\/\">Facebook Sayfam\u0131z<\/a><\/strong><\/p>\n","protected":false},"excerpt":{"rendered":"<p>\u0130\u015eGAL ED\u0130LEN KUD\u00dcS (SANA) \u2013\u00a0Filistin direni\u015finin i\u015fgalci \u0130srail\u2019in sald\u0131rganl\u0131\u011f\u0131na yan\u0131t olarak 7 Ekim\u2019de ba\u015flatt\u0131\u011f\u0131 Aksa Tufan\u0131 Operasyonu\u2019nda \u00f6ne \u00e7\u0131kan geli\u015fmeler: Filistin medyas\u0131: \u0130srail i\u015fgal u\u00e7aklar\u0131n\u0131n Gazze \u015eeridi&#8217;nin g\u00fcneyinde Han Yunus&#8217;un do\u011fusundaki El Karara kasabas\u0131n\u0131 bombalamas\u0131 sonucu 5 \u015fehit ve \u00e7ok say\u0131da yaral\u0131. Filistin direni\u015fi, Gazze \u015fehrinin g\u00fcneyinde \u201cNetzarim\u201d eksenindeki 107 \u0130srail d\u00fc\u015fman komuta karargah\u0131n\u0131 f\u00fczelerle &hellip;<\/p>\n","protected":false},"author":36,"featured_media":306324,"comment_status":"closed","ping_status":"closed","sticky":false,"template":"","format":"standard","meta":{"footnotes":""},"categories":[458,459,17988],"tags":[],"class_list":["post-306323","post","type-post","status-publish","format-standard","has-post-thumbnail","","category-dunya1","category-haberler-arap-uluslararasi-politika","category-son-haberler"],"_links":{"self":[{"href":"https:\/\/archive.sana.sy\/tr\/index.php?rest_route=\/wp\/v2\/posts\/306323","targetHints":{"allow":["GET"]}}],"collection":[{"href":"https:\/\/archive.sana.sy\/tr\/index.php?rest_route=\/wp\/v2\/posts"}],"about":[{"href":"https:\/\/archive.sana.sy\/tr\/index.php?rest_route=\/wp\/v2\/types\/post"}],"author":[{"embeddable":true,"href":"https:\/\/archive.sana.sy\/tr\/index.php?rest_route=\/wp\/v2\/users\/36"}],"replies":[{"embeddable":true,"href":"https:\/\/archive.sana.sy\/tr\/index.php?rest_route=%2Fwp%2Fv2%2Fcomments&post=306323"}],"version-history":[{"count":5,"href":"https:\/\/archive.sana.sy\/tr\/index.php?rest_route=\/wp\/v2\/posts\/306323\/revisions"}],"predecessor-version":[{"id":306350,"href":"https:\/\/archive.sana.sy\/tr\/index.php?rest_route=\/wp\/v2\/posts\/306323\/revisions\/306350"}],"wp:featuredmedia":[{"embeddable":true,"href":"https:\/\/archive.sana.sy\/tr\/index.php?rest_route=\/wp\/v2\/media\/306324"}],"wp:attachment":[{"href":"https:\/\/archive.sana.sy\/tr\/index.php?rest_route=%2Fwp%2Fv2%2Fmedia&parent=306323"}],"wp:term":[{"taxonomy":"category","embeddable":true,"href":"https:\/\/archive.sana.sy\/tr\/index.php?rest_route=%2Fwp%2Fv2%2Fcategories&post=306323"},{"taxonomy":"post_tag","embeddable":true,"href":"https:\/\/archive.sana.sy\/tr\/index.php?rest_route=%2Fwp%2Fv2%2Ftags&post=306323"}],"curies":[{"name":"wp","href":"https:\/\/api.w.org\/{rel}","templated":true}]}}