{"id":306326,"date":"2024-08-08T13:19:45","date_gmt":"2024-08-08T10:19:45","guid":{"rendered":"https:\/\/sana.sy\/tr\/?p=306326"},"modified":"2024-08-09T08:57:10","modified_gmt":"2024-08-09T05:57:10","slug":"isgalcilerin-gazze-seridine-yonelik-saldirilarinin-307nci-gununde-bircok-alani-bombalamasi-sonucu-8-sehit","status":"publish","type":"post","link":"https:\/\/archive.sana.sy\/tr\/?p=306326","title":{"rendered":"\u0130\u015fgalcilerin Gazze \u015eeridi&#8217;ne Y\u00f6nelik Sald\u0131rganl\u0131klar\u0131n\u0131n 307&#8217;nci G\u00fcn\u00fcnde Bir\u00e7ok Alan\u0131 Bombalamas\u0131 Sonucu 8 \u015eehit"},"content":{"rendered":"<p style=\"text-align: justify;\"><strong>\u0130\u015eGAL ED\u0130LEN KUD\u00dcS (SANA) \u2013 <\/strong>\u0130srail i\u015fgal g\u00fc\u00e7lerinin bug\u00fcn sabah saatlerinde Gazze \u015eeridi&#8217;nde bir\u00e7ok b\u00f6lgeyi bombalamas\u0131 sonucu 8 Filistinli \u015fehit oldu, \u00e7ok say\u0131da ki\u015fi de yaraland\u0131.<\/p>\n<p style=\"text-align: justify;\">Filistin medyas\u0131, i\u015fgal u\u00e7a\u011f\u0131n\u0131n Gazze&#8217;de bir evi bombalamas\u0131 sonucu 5 Filistinlinin \u00f6ld\u00fc\u011f\u00fcn\u00fc, di\u011ferlerinin de yaraland\u0131\u011f\u0131n\u0131 bildirdi.<\/p>\n<p style=\"text-align: justify;\">\u0130\u015fgal g\u00fc\u00e7lerinin Gazze \u015eeridi&#8217;nin kuzeyindeki Cebeliye kamp\u0131ndaki bir evi bombalamas\u0131 sonucu da bir Filistinli \u015fehit d\u00fc\u015ft\u00fc.<\/p>\n<p style=\"text-align: justify;\">Ambulans ekipleri, d\u00fcn gece Gazze&#8217;nin El Tuffah b\u00f6lgesinde bombalanan bir evin i\u00e7inden bir \u015fehidi \u00e7\u0131kard\u0131.<\/p>\n<p style=\"text-align: justify;\">\u0130\u015fgal u\u00e7aklar\u0131n\u0131n El-Sabra mahallesi ve kentin do\u011fu b\u00f6lgelerini bombalamas\u0131 onlarca ki\u015finin yaralanmas\u0131na yol a\u00e7t\u0131.<\/p>\n<p style=\"text-align: justify;\">U\u00e7ak ayr\u0131ca top\u00e7u bombard\u0131man\u0131na paralel olarak Gazze \u015eeridi&#8217;nin kuzeyindeki Beyit Lahiya kasabas\u0131na da bask\u0131n d\u00fczenledi.<\/p>\n<p style=\"text-align: justify;\">Esirler \u015eehri, El Zehra \u015eehri, El Mu\u011fra b\u00f6lgesi ve Gazze \u015eeridi&#8217;nin merkezindeki Nuseyrat kamp\u0131n\u0131n kuzeyi \u015fiddetli \u0130srail top\u00e7u bombard\u0131man\u0131na maruz kald\u0131.<\/p>\n<p style=\"text-align: center;\"><strong><a href=\"https:\/\/t.me\/SuriyeArapHaberAjansI\">Telegram Kanal\u0131m\u0131z\u00a0<\/a>||<a href=\"https:\/\/twitter.com\/arap_ajans\">X Platformumuz\u00a0<\/a>||<a href=\"https:\/\/www.facebook.com\/SANAHaberAjansi\/\">Facebook Sayfam\u0131z<\/a><\/strong><\/p>\n","protected":false},"excerpt":{"rendered":"<p>\u0130\u015eGAL ED\u0130LEN KUD\u00dcS (SANA) \u2013 \u0130srail i\u015fgal g\u00fc\u00e7lerinin bug\u00fcn sabah saatlerinde Gazze \u015eeridi&#8217;nde bir\u00e7ok b\u00f6lgeyi bombalamas\u0131 sonucu 8 Filistinli \u015fehit oldu, \u00e7ok say\u0131da ki\u015fi de yaraland\u0131. Filistin medyas\u0131, i\u015fgal u\u00e7a\u011f\u0131n\u0131n Gazze&#8217;de bir evi bombalamas\u0131 sonucu 5 Filistinlinin \u00f6ld\u00fc\u011f\u00fcn\u00fc, di\u011ferlerinin de yaraland\u0131\u011f\u0131n\u0131 bildirdi. \u0130\u015fgal g\u00fc\u00e7lerinin Gazze \u015eeridi&#8217;nin kuzeyindeki Cebeliye kamp\u0131ndaki bir evi bombalamas\u0131 sonucu da bir &hellip;<\/p>\n","protected":false},"author":36,"featured_media":306327,"comment_status":"closed","ping_status":"closed","sticky":false,"template":"","format":"standard","meta":{"footnotes":""},"categories":[458,459,17988],"tags":[],"class_list":["post-306326","post","type-post","status-publish","format-standard","has-post-thumbnail","","category-dunya1","category-haberler-arap-uluslararasi-politika","category-son-haberler"],"_links":{"self":[{"href":"https:\/\/archive.sana.sy\/tr\/index.php?rest_route=\/wp\/v2\/posts\/306326","targetHints":{"allow":["GET"]}}],"collection":[{"href":"https:\/\/archive.sana.sy\/tr\/index.php?rest_route=\/wp\/v2\/posts"}],"about":[{"href":"https:\/\/archive.sana.sy\/tr\/index.php?rest_route=\/wp\/v2\/types\/post"}],"author":[{"embeddable":true,"href":"https:\/\/archive.sana.sy\/tr\/index.php?rest_route=\/wp\/v2\/users\/36"}],"replies":[{"embeddable":true,"href":"https:\/\/archive.sana.sy\/tr\/index.php?rest_route=%2Fwp%2Fv2%2Fcomments&post=306326"}],"version-history":[{"count":3,"href":"https:\/\/archive.sana.sy\/tr\/index.php?rest_route=\/wp\/v2\/posts\/306326\/revisions"}],"predecessor-version":[{"id":306353,"href":"https:\/\/archive.sana.sy\/tr\/index.php?rest_route=\/wp\/v2\/posts\/306326\/revisions\/306353"}],"wp:featuredmedia":[{"embeddable":true,"href":"https:\/\/archive.sana.sy\/tr\/index.php?rest_route=\/wp\/v2\/media\/306327"}],"wp:attachment":[{"href":"https:\/\/archive.sana.sy\/tr\/index.php?rest_route=%2Fwp%2Fv2%2Fmedia&parent=306326"}],"wp:term":[{"taxonomy":"category","embeddable":true,"href":"https:\/\/archive.sana.sy\/tr\/index.php?rest_route=%2Fwp%2Fv2%2Fcategories&post=306326"},{"taxonomy":"post_tag","embeddable":true,"href":"https:\/\/archive.sana.sy\/tr\/index.php?rest_route=%2Fwp%2Fv2%2Ftags&post=306326"}],"curies":[{"name":"wp","href":"https:\/\/api.w.org\/{rel}","templated":true}]}}