{"id":306333,"date":"2024-08-08T17:03:55","date_gmt":"2024-08-08T14:03:55","guid":{"rendered":"https:\/\/sana.sy\/tr\/?p=306333"},"modified":"2024-08-09T08:57:13","modified_gmt":"2024-08-09T05:57:13","slug":"bakiri-kani-israil-varligi-gerilimi-ve-krizi-bolgenin-geri-kalanina-ihrac-etmek-istiyor","status":"publish","type":"post","link":"https:\/\/archive.sana.sy\/tr\/?p=306333","title":{"rendered":"Bakiri Kani: \u0130srail Varl\u0131\u011f\u0131 Gerilimi Ve Krizi B\u00f6lgenin Geri Kalan\u0131na \u0130hra\u00e7 Etmek \u0130stiyor"},"content":{"rendered":"<p style=\"text-align: justify;\"><strong>TAHRAN (SANA)<\/strong> &#8211;\u00a0 \u0130ran D\u0131\u015fi\u015fleri Bakan\u0131 aday\u0131 Ali Bakiri Kani, \u0130srail taraf\u0131n\u0131n ya\u015fad\u0131\u011f\u0131 gerilimi, sava\u015f\u0131 ve krizi b\u00f6lgenin geri kalan\u0131na ihra\u00e7 etmek istedi\u011fini do\u011frulad\u0131.<\/p>\n<p style=\"text-align: justify;\">Bakiri Kani, \u0130slam \u0130\u015fbirli\u011fi Te\u015fkilat\u0131&#8217;n\u0131n acil toplant\u0131s\u0131n\u0131n oturum aralar\u0131nda Suudi \u015fehri Cidde&#8217;deyken bug\u00fcn Agence France-Presse&#8217;ye verdi\u011fi r\u00f6portajda \u015funlar\u0131 s\u00f6yledi: &#8220;\u0130slami Direni\u015f Hareketi (Hamas) Siyasi B\u00fcro Ba\u015fkan\u0131 \u0130smail Haniye&#8217;nin Tahran&#8217;da \u00f6ld\u00fcr\u00fclmesi stratejik bir hatayd\u0131. \u0130srai&#8217;in \u00f6dayaca\u011fi ve b\u00f6lgenin g\u00fcvenli\u011fi ve istikrar\u0131n\u0131n yarar\u0131na olacak bedel \u00e7ok a\u011f\u0131r olacakt\u0131r.\u201d<\/p>\n<p style=\"text-align: justify;\">Bakiri ayr\u0131ca, &#8220;\u0130ran&#8217;\u0131n me\u015fru m\u00fcdafaa hakk\u0131n\u0131&#8221; vurgulad\u0131 ve &#8220;\u0130slam Cumhuriyeti&#8217;nin \u00e7\u0131karlar\u0131 do\u011frultusunda nas\u0131l kar\u015f\u0131l\u0131k verilece\u011fi karar\u0131n\u0131 verenlerin \u0130ran&#8217;daki yetkililer oldu\u011funu&#8221; a\u00e7\u0131klad\u0131.<\/p>\n<p style=\"text-align: justify;\">Bakiri, &#8220;Siyonistlerin \u0130ran&#8217;a sava\u015f a\u00e7acak konumda olmad\u0131klar\u0131n\u0131 ve bunu yapacak g\u00fc\u00e7lerinin de olmad\u0131\u011f\u0131n\u0131&#8221; da belirtti.<\/p>\n<p style=\"text-align: center;\"><strong><a href=\"https:\/\/t.me\/SuriyeArapHaberAjansI\">Telegram Kanal\u0131m\u0131z\u00a0<\/a>||<a href=\"https:\/\/twitter.com\/arap_ajans\">X Platformumuz\u00a0<\/a>||<a href=\"https:\/\/www.facebook.com\/SANAHaberAjansi\/\">Facebook Sayfam\u0131z<\/a><\/strong><\/p>\n","protected":false},"excerpt":{"rendered":"<p>TAHRAN (SANA) &#8211;\u00a0 \u0130ran D\u0131\u015fi\u015fleri Bakan\u0131 aday\u0131 Ali Bakiri Kani, \u0130srail taraf\u0131n\u0131n ya\u015fad\u0131\u011f\u0131 gerilimi, sava\u015f\u0131 ve krizi b\u00f6lgenin geri kalan\u0131na ihra\u00e7 etmek istedi\u011fini do\u011frulad\u0131. Bakiri Kani, \u0130slam \u0130\u015fbirli\u011fi Te\u015fkilat\u0131&#8217;n\u0131n acil toplant\u0131s\u0131n\u0131n oturum aralar\u0131nda Suudi \u015fehri Cidde&#8217;deyken bug\u00fcn Agence France-Presse&#8217;ye verdi\u011fi r\u00f6portajda \u015funlar\u0131 s\u00f6yledi: &#8220;\u0130slami Direni\u015f Hareketi (Hamas) Siyasi B\u00fcro Ba\u015fkan\u0131 \u0130smail Haniye&#8217;nin Tahran&#8217;da \u00f6ld\u00fcr\u00fclmesi stratejik &hellip;<\/p>\n","protected":false},"author":41,"featured_media":306334,"comment_status":"closed","ping_status":"closed","sticky":false,"template":"","format":"standard","meta":{"footnotes":""},"categories":[458,459,17988],"tags":[42097],"class_list":["post-306333","post","type-post","status-publish","format-standard","has-post-thumbnail","","category-dunya1","category-haberler-arap-uluslararasi-politika","category-son-haberler","tag-bakiri-kani-israil-varligi-gerilimi-ve-krizi-bolgenin-geri-kalanina-ihrac-etmek-istiyor"],"_links":{"self":[{"href":"https:\/\/archive.sana.sy\/tr\/index.php?rest_route=\/wp\/v2\/posts\/306333","targetHints":{"allow":["GET"]}}],"collection":[{"href":"https:\/\/archive.sana.sy\/tr\/index.php?rest_route=\/wp\/v2\/posts"}],"about":[{"href":"https:\/\/archive.sana.sy\/tr\/index.php?rest_route=\/wp\/v2\/types\/post"}],"author":[{"embeddable":true,"href":"https:\/\/archive.sana.sy\/tr\/index.php?rest_route=\/wp\/v2\/users\/41"}],"replies":[{"embeddable":true,"href":"https:\/\/archive.sana.sy\/tr\/index.php?rest_route=%2Fwp%2Fv2%2Fcomments&post=306333"}],"version-history":[{"count":1,"href":"https:\/\/archive.sana.sy\/tr\/index.php?rest_route=\/wp\/v2\/posts\/306333\/revisions"}],"predecessor-version":[{"id":306335,"href":"https:\/\/archive.sana.sy\/tr\/index.php?rest_route=\/wp\/v2\/posts\/306333\/revisions\/306335"}],"wp:featuredmedia":[{"embeddable":true,"href":"https:\/\/archive.sana.sy\/tr\/index.php?rest_route=\/wp\/v2\/media\/306334"}],"wp:attachment":[{"href":"https:\/\/archive.sana.sy\/tr\/index.php?rest_route=%2Fwp%2Fv2%2Fmedia&parent=306333"}],"wp:term":[{"taxonomy":"category","embeddable":true,"href":"https:\/\/archive.sana.sy\/tr\/index.php?rest_route=%2Fwp%2Fv2%2Fcategories&post=306333"},{"taxonomy":"post_tag","embeddable":true,"href":"https:\/\/archive.sana.sy\/tr\/index.php?rest_route=%2Fwp%2Fv2%2Ftags&post=306333"}],"curies":[{"name":"wp","href":"https:\/\/api.w.org\/{rel}","templated":true}]}}