{"id":306336,"date":"2024-08-08T17:09:12","date_gmt":"2024-08-08T14:09:12","guid":{"rendered":"https:\/\/sana.sy\/tr\/?p=306336"},"modified":"2024-08-12T09:57:55","modified_gmt":"2024-08-12T06:57:55","slug":"gazze-seridinde-son-24-saatte-yasanan-isgal-katliamlari-sonucu-22-sehit","status":"publish","type":"post","link":"https:\/\/archive.sana.sy\/tr\/?p=306336","title":{"rendered":"Gazze \u015eeridi&#8217;nde Son 24 Saatte Ya\u015fanan \u0130\u015fgal Katliamlar\u0131 Sonucu 22 \u015eehit"},"content":{"rendered":"<p style=\"text-align: justify;\"><strong>\u0130\u015eGAL ED\u0130LEN KUD\u00dcS (SANA) &#8211;<\/strong>\u00a0 Filistin Sa\u011fl\u0131k Bakanl\u0131\u011f\u0131, i\u015fgalci \u0130srail\u2019in son 24 saat i\u00e7inde Gazze \u015eeridi&#8217;nde 4 katliam ger\u00e7ekle\u015ftirdi\u011fini, bunlar\u0131n kurbanlar\u0131n\u0131n hastanelere ula\u015ft\u0131\u011f\u0131n\u0131 a\u00e7\u0131klad\u0131: 22 \u015fehit, 77 yaral\u0131.<\/p>\n<p style=\"text-align: justify;\">Bakanl\u0131k bug\u00fcn yapt\u0131\u011f\u0131 a\u00e7\u0131klamada \u015funlar\u0131 s\u00f6yledi: \u2018\u2019Gazze \u015eeridi&#8217;nde 307. g\u00fcn\u00fcnde devam eden i\u015fgal sald\u0131rganl\u0131\u011f\u0131nda \u015fehit d\u00fc\u015fenlerin say\u0131s\u0131 39 bin 699 \u015fehide,ve yaral\u0131lar\u0131n 91 bin 722 yaral\u0131ya y\u00fckseldi. Bu arada \u00e7ok say\u0131da ma\u011fdur enkaz alt\u0131nda ve yollarda kal\u0131rken, ambulans ve sivil savunma ekipleri onlara ula\u015fam\u0131yor.\u2019\u2019<\/p>\n<p style=\"text-align: justify;\">\u0130\u015fgalcilerin Gazze \u015eeridi&#8217;nin merkezindeki Bureij m\u00fclteci kamp\u0131nda \u00e7ok say\u0131da evi bombalayarak ger\u00e7ekle\u015ftirdi\u011fi yeni katliamda 15 Filistinli \u015fehit oldu, di\u011ferleri de yaraland\u0131.<\/p>\n<p style=\"text-align: justify;\">\u0130\u015fgalcilerin Gazze \u015eeridi&#8217;nin g\u00fcneyindeki Han Yunus \u015fehrinin do\u011fusundaki bir evi bombalamas\u0131 sonucu bir Filistinli de \u015fehit oldu.<\/p>\n<p style=\"text-align: justify;\">Gazze \u015eeridi&#8217;nin merkezindeki Nuseyrat kamp\u0131n\u0131n kuzeyinde bir grup Filistinliye y\u00f6nelik i\u015fgal bombard\u0131man\u0131 sonucu \u00e7ok say\u0131da \u015fehit d\u00fc\u015ft\u00fc, \u00e7ok say\u0131da ki\u015fi de yaraland\u0131.<\/p>\n<p style=\"text-align: center;\"><strong><a href=\"https:\/\/t.me\/SuriyeArapHaberAjansI\">Telegram Kanal\u0131m\u0131z\u00a0<\/a>||<a href=\"https:\/\/twitter.com\/arap_ajans\">X Platformumuz\u00a0<\/a>||<a href=\"https:\/\/www.facebook.com\/SANAHaberAjansi\/\">Facebook Sayfam\u0131z<\/a><\/strong><\/p>\n","protected":false},"excerpt":{"rendered":"<p>\u0130\u015eGAL ED\u0130LEN KUD\u00dcS (SANA) &#8211;\u00a0 Filistin Sa\u011fl\u0131k Bakanl\u0131\u011f\u0131, i\u015fgalci \u0130srail\u2019in son 24 saat i\u00e7inde Gazze \u015eeridi&#8217;nde 4 katliam ger\u00e7ekle\u015ftirdi\u011fini, bunlar\u0131n kurbanlar\u0131n\u0131n hastanelere ula\u015ft\u0131\u011f\u0131n\u0131 a\u00e7\u0131klad\u0131: 22 \u015fehit, 77 yaral\u0131. Bakanl\u0131k bug\u00fcn yapt\u0131\u011f\u0131 a\u00e7\u0131klamada \u015funlar\u0131 s\u00f6yledi: \u2018\u2019Gazze \u015eeridi&#8217;nde 307. g\u00fcn\u00fcnde devam eden i\u015fgal sald\u0131rganl\u0131\u011f\u0131nda \u015fehit d\u00fc\u015fenlerin say\u0131s\u0131 39 bin 699 \u015fehide,ve yaral\u0131lar\u0131n 91 bin 722 yaral\u0131ya y\u00fckseldi. &hellip;<\/p>\n","protected":false},"author":41,"featured_media":306337,"comment_status":"closed","ping_status":"closed","sticky":false,"template":"","format":"standard","meta":{"footnotes":""},"categories":[458,459,17988],"tags":[42098],"class_list":["post-306336","post","type-post","status-publish","format-standard","has-post-thumbnail","","category-dunya1","category-haberler-arap-uluslararasi-politika","category-son-haberler","tag-gazze-seridinde-son-24-saatte-yasanan-isgal-katliamlari-sonucu-22-sehit"],"_links":{"self":[{"href":"https:\/\/archive.sana.sy\/tr\/index.php?rest_route=\/wp\/v2\/posts\/306336","targetHints":{"allow":["GET"]}}],"collection":[{"href":"https:\/\/archive.sana.sy\/tr\/index.php?rest_route=\/wp\/v2\/posts"}],"about":[{"href":"https:\/\/archive.sana.sy\/tr\/index.php?rest_route=\/wp\/v2\/types\/post"}],"author":[{"embeddable":true,"href":"https:\/\/archive.sana.sy\/tr\/index.php?rest_route=\/wp\/v2\/users\/41"}],"replies":[{"embeddable":true,"href":"https:\/\/archive.sana.sy\/tr\/index.php?rest_route=%2Fwp%2Fv2%2Fcomments&post=306336"}],"version-history":[{"count":3,"href":"https:\/\/archive.sana.sy\/tr\/index.php?rest_route=\/wp\/v2\/posts\/306336\/revisions"}],"predecessor-version":[{"id":306352,"href":"https:\/\/archive.sana.sy\/tr\/index.php?rest_route=\/wp\/v2\/posts\/306336\/revisions\/306352"}],"wp:featuredmedia":[{"embeddable":true,"href":"https:\/\/archive.sana.sy\/tr\/index.php?rest_route=\/wp\/v2\/media\/306337"}],"wp:attachment":[{"href":"https:\/\/archive.sana.sy\/tr\/index.php?rest_route=%2Fwp%2Fv2%2Fmedia&parent=306336"}],"wp:term":[{"taxonomy":"category","embeddable":true,"href":"https:\/\/archive.sana.sy\/tr\/index.php?rest_route=%2Fwp%2Fv2%2Fcategories&post=306336"},{"taxonomy":"post_tag","embeddable":true,"href":"https:\/\/archive.sana.sy\/tr\/index.php?rest_route=%2Fwp%2Fv2%2Ftags&post=306336"}],"curies":[{"name":"wp","href":"https:\/\/api.w.org\/{rel}","templated":true}]}}