{"id":306339,"date":"2024-08-08T17:14:44","date_gmt":"2024-08-08T14:14:44","guid":{"rendered":"https:\/\/sana.sy\/tr\/?p=306339"},"modified":"2024-08-12T09:57:59","modified_gmt":"2024-08-12T06:57:59","slug":"rus-savunmasi-ukraynaya-ait-bir-mig-29-savas-ucagi-ve-80-ihayi-dusurduk","status":"publish","type":"post","link":"https:\/\/archive.sana.sy\/tr\/?p=306339","title":{"rendered":"Rus Savunmas\u0131: Ukrayna\u2019ya Ait Bir MiG-29 Sava\u015f U\u00e7a\u011f\u0131 Ve 80 \u0130HA\u2019y\u0131 D\u00fc\u015f\u00fcrd\u00fck"},"content":{"rendered":"<p style=\"text-align: justify;\"><strong>MOSKOVA (SANA)<\/strong> &#8211; Rusya Savunma Bakanl\u0131\u011f\u0131, g\u00fc\u00e7lerinin aktif operasyonlar\u0131n\u0131 s\u00fcrd\u00fcrd\u00fc\u011f\u00fcn\u00fc ve bir\u00e7ok muharebe hatt\u0131nda mevzilerini iyile\u015ftirdi\u011fini, Kiev rejimi g\u00fc\u00e7lerinin a\u011f\u0131r can ve te\u00e7hizat kay\u0131plar\u0131na u\u011frad\u0131\u011f\u0131n\u0131 duyurdu.<\/p>\n<p style=\"text-align: justify;\">Bakanl\u0131k, \u00f6zel askeri operasyonun ilerleyi\u015fine ili\u015fkin g\u00fcnl\u00fck raporunda \u015funlar\u0131 s\u00f6yledi: \u2018\u2019G\u00fc\u00e7leri, Kiev rejim g\u00fc\u00e7lerinin bir\u00e7ok kar\u015f\u0131 sald\u0131r\u0131s\u0131n\u0131 p\u00fcsk\u00fcrtmeyi ba\u015fard\u0131 ve baz\u0131lar\u0131 Bat\u0131 yap\u0131m\u0131 olan ara\u00e7lar\u0131, tanklar\u0131, z\u0131rhl\u0131 ara\u00e7lar\u0131 ve f\u00fcze sistemlerini imha etti.\u2019\u2019<\/p>\n<p style=\"text-align: justify;\">Rus taktik operasyonel havac\u0131l\u0131\u011f\u0131 ayr\u0131ca, insans\u0131z hava ara\u00e7lar\u0131, f\u00fcze kuvvetleri ve toplar\u0131, insans\u0131z hava ara\u00e7lar\u0131n\u0131n toplanma yerlerini ve Kiev rejim g\u00fc\u00e7lerinin insan g\u00fcc\u00fc ve askeri te\u00e7hizat\u0131n\u0131n 164 b\u00f6lgedeki yo\u011funla\u015fmas\u0131n\u0131 hedef ald\u0131.<\/p>\n<p style=\"text-align: justify;\">Rus hava savunma sistemleri ise, Ukrayna&#8217;ya ait bir MiG-29 sava\u015f u\u00e7a\u011f\u0131n\u0131 d\u00fc\u015f\u00fcrd\u00fc ve 12 Amerikan yap\u0131m\u0131 Himars f\u00fczesi ve 21&#8217;i \u00f6zel askeri harekat alan\u0131 d\u0131\u015f\u0131nda olmak \u00fczere 80 \u0130HA&#8217;y\u0131 imha etti.<\/p>\n<p style=\"text-align: center;\"><strong><a href=\"https:\/\/t.me\/SuriyeArapHaberAjansI\">Telegram Kanal\u0131m\u0131z\u00a0<\/a>||<a href=\"https:\/\/twitter.com\/arap_ajans\">X Platformumuz\u00a0<\/a>||<a href=\"https:\/\/www.facebook.com\/SANAHaberAjansi\/\">Facebook Sayfam\u0131z<\/a><\/strong><\/p>\n","protected":false},"excerpt":{"rendered":"<p>MOSKOVA (SANA) &#8211; Rusya Savunma Bakanl\u0131\u011f\u0131, g\u00fc\u00e7lerinin aktif operasyonlar\u0131n\u0131 s\u00fcrd\u00fcrd\u00fc\u011f\u00fcn\u00fc ve bir\u00e7ok muharebe hatt\u0131nda mevzilerini iyile\u015ftirdi\u011fini, Kiev rejimi g\u00fc\u00e7lerinin a\u011f\u0131r can ve te\u00e7hizat kay\u0131plar\u0131na u\u011frad\u0131\u011f\u0131n\u0131 duyurdu. Bakanl\u0131k, \u00f6zel askeri operasyonun ilerleyi\u015fine ili\u015fkin g\u00fcnl\u00fck raporunda \u015funlar\u0131 s\u00f6yledi: \u2018\u2019G\u00fc\u00e7leri, Kiev rejim g\u00fc\u00e7lerinin bir\u00e7ok kar\u015f\u0131 sald\u0131r\u0131s\u0131n\u0131 p\u00fcsk\u00fcrtmeyi ba\u015fard\u0131 ve baz\u0131lar\u0131 Bat\u0131 yap\u0131m\u0131 olan ara\u00e7lar\u0131, tanklar\u0131, z\u0131rhl\u0131 ara\u00e7lar\u0131 ve &hellip;<\/p>\n","protected":false},"author":41,"featured_media":306342,"comment_status":"closed","ping_status":"closed","sticky":false,"template":"","format":"standard","meta":{"footnotes":""},"categories":[458,459,17988],"tags":[42099],"class_list":["post-306339","post","type-post","status-publish","format-standard","has-post-thumbnail","","category-dunya1","category-haberler-arap-uluslararasi-politika","category-son-haberler","tag-rus-savunmasi-ukraynaya-ait-bir-mig-29-savas-ucagi-ve-80-ihayi-dusurduk"],"_links":{"self":[{"href":"https:\/\/archive.sana.sy\/tr\/index.php?rest_route=\/wp\/v2\/posts\/306339","targetHints":{"allow":["GET"]}}],"collection":[{"href":"https:\/\/archive.sana.sy\/tr\/index.php?rest_route=\/wp\/v2\/posts"}],"about":[{"href":"https:\/\/archive.sana.sy\/tr\/index.php?rest_route=\/wp\/v2\/types\/post"}],"author":[{"embeddable":true,"href":"https:\/\/archive.sana.sy\/tr\/index.php?rest_route=\/wp\/v2\/users\/41"}],"replies":[{"embeddable":true,"href":"https:\/\/archive.sana.sy\/tr\/index.php?rest_route=%2Fwp%2Fv2%2Fcomments&post=306339"}],"version-history":[{"count":2,"href":"https:\/\/archive.sana.sy\/tr\/index.php?rest_route=\/wp\/v2\/posts\/306339\/revisions"}],"predecessor-version":[{"id":306343,"href":"https:\/\/archive.sana.sy\/tr\/index.php?rest_route=\/wp\/v2\/posts\/306339\/revisions\/306343"}],"wp:featuredmedia":[{"embeddable":true,"href":"https:\/\/archive.sana.sy\/tr\/index.php?rest_route=\/wp\/v2\/media\/306342"}],"wp:attachment":[{"href":"https:\/\/archive.sana.sy\/tr\/index.php?rest_route=%2Fwp%2Fv2%2Fmedia&parent=306339"}],"wp:term":[{"taxonomy":"category","embeddable":true,"href":"https:\/\/archive.sana.sy\/tr\/index.php?rest_route=%2Fwp%2Fv2%2Fcategories&post=306339"},{"taxonomy":"post_tag","embeddable":true,"href":"https:\/\/archive.sana.sy\/tr\/index.php?rest_route=%2Fwp%2Fv2%2Ftags&post=306339"}],"curies":[{"name":"wp","href":"https:\/\/api.w.org\/{rel}","templated":true}]}}