{"id":306344,"date":"2024-08-08T06:27:30","date_gmt":"2024-08-08T03:27:30","guid":{"rendered":"https:\/\/sana.sy\/tr\/?p=306344"},"modified":"2024-08-09T08:57:03","modified_gmt":"2024-08-09T05:57:03","slug":"irak-gucleri-ulkenin-batisinda-kapsamli-onleyici-guvenlik-operasyonlarina-basladi","status":"publish","type":"post","link":"https:\/\/archive.sana.sy\/tr\/?p=306344","title":{"rendered":"Irak G\u00fc\u00e7leri \u00dclkenin Bat\u0131s\u0131nda Kapsaml\u0131 \u00d6nleyici G\u00fcvenlik Operasyonlar\u0131na Ba\u015flad\u0131"},"content":{"rendered":"<p style=\"text-align: justify;\"><strong>BA\u011eDAT (SANA) &#8211;<\/strong> \u00a0Irak Ortak Harekat Komutanl\u0131\u011f\u0131 bug\u00fcn \u00fclkenin bat\u0131 b\u00f6lgelerindeki \u00e7\u00f6l boyunca kapsaml\u0131 \u00f6nleyici g\u00fcvenlik operasyonlar\u0131n\u0131n ba\u015flad\u0131\u011f\u0131n\u0131 duyurdu.<\/p>\n<p style=\"text-align: justify;\">Irak Haber Ajans\u0131 INA, Operasyon Komutanl\u0131\u011f\u0131n\u0131n \u015fu s\u00f6zlerini aktard\u0131: \u201cBat\u0131 Ninava, Selahaddin ve El Cezire operasyon komutanl\u0131klar\u0131n\u0131n sekt\u00f6rleri, her t\u00fcrden ve uzmanl\u0131ktaki t\u00fcm g\u00fcvenlik birimlerinin kat\u0131l\u0131m\u0131yla ve Hava kuvvetleri havac\u0131l\u0131\u011f\u0131, ordu havac\u0131l\u0131\u011f\u0131 ve di\u011fer t\u00fcrlerin deste\u011fiyle kapsaml\u0131 \u00f6nleyici operasyonlara sahne oluyor.\u2019\u2019<\/p>\n<p style=\"text-align: justify;\">Irak g\u00fc\u00e7leri, Operasyonlar\u0131n amac\u0131n\u0131n ter\u00f6rist kal\u0131nt\u0131lar\u0131n\u0131 takip etmek ve s\u0131zma operasyonlar\u0131n\u0131 \u00f6nlemek oldu\u011funu, ayr\u0131ca hayati hedeflerin korunmas\u0131 ve bu hedefleri hedefleyen ter\u00f6rist giri\u015fimlere kar\u015f\u0131 t\u00fcm birimler aras\u0131nda \u00fcst d\u00fczey koordinasyonun organize edilmesinin ama\u00e7land\u0131\u011f\u0131n\u0131 belirtti.<\/p>\n<p style=\"text-align: center;\"><strong><a href=\"https:\/\/t.me\/SuriyeArapHaberAjansI\">Telegram Kanal\u0131m\u0131z\u00a0<\/a>||<a href=\"https:\/\/twitter.com\/arap_ajans\">X Platformumuz\u00a0<\/a>||<a href=\"https:\/\/www.facebook.com\/SANAHaberAjansi\/\">Facebook Sayfam\u0131z<\/a><\/strong><\/p>\n","protected":false},"excerpt":{"rendered":"<p>BA\u011eDAT (SANA) &#8211; \u00a0Irak Ortak Harekat Komutanl\u0131\u011f\u0131 bug\u00fcn \u00fclkenin bat\u0131 b\u00f6lgelerindeki \u00e7\u00f6l boyunca kapsaml\u0131 \u00f6nleyici g\u00fcvenlik operasyonlar\u0131n\u0131n ba\u015flad\u0131\u011f\u0131n\u0131 duyurdu. Irak Haber Ajans\u0131 INA, Operasyon Komutanl\u0131\u011f\u0131n\u0131n \u015fu s\u00f6zlerini aktard\u0131: \u201cBat\u0131 Ninava, Selahaddin ve El Cezire operasyon komutanl\u0131klar\u0131n\u0131n sekt\u00f6rleri, her t\u00fcrden ve uzmanl\u0131ktaki t\u00fcm g\u00fcvenlik birimlerinin kat\u0131l\u0131m\u0131yla ve Hava kuvvetleri havac\u0131l\u0131\u011f\u0131, ordu havac\u0131l\u0131\u011f\u0131 ve di\u011fer t\u00fcrlerin deste\u011fiyle &hellip;<\/p>\n","protected":false},"author":41,"featured_media":306345,"comment_status":"closed","ping_status":"closed","sticky":false,"template":"","format":"standard","meta":{"footnotes":""},"categories":[458,459,17988],"tags":[42100],"class_list":["post-306344","post","type-post","status-publish","format-standard","has-post-thumbnail","","category-dunya1","category-haberler-arap-uluslararasi-politika","category-son-haberler","tag-irak-gucleri-ulkenin-batisinda-kapsamli-onleyici-guvenlik-operasyonlarina-basladi"],"_links":{"self":[{"href":"https:\/\/archive.sana.sy\/tr\/index.php?rest_route=\/wp\/v2\/posts\/306344","targetHints":{"allow":["GET"]}}],"collection":[{"href":"https:\/\/archive.sana.sy\/tr\/index.php?rest_route=\/wp\/v2\/posts"}],"about":[{"href":"https:\/\/archive.sana.sy\/tr\/index.php?rest_route=\/wp\/v2\/types\/post"}],"author":[{"embeddable":true,"href":"https:\/\/archive.sana.sy\/tr\/index.php?rest_route=\/wp\/v2\/users\/41"}],"replies":[{"embeddable":true,"href":"https:\/\/archive.sana.sy\/tr\/index.php?rest_route=%2Fwp%2Fv2%2Fcomments&post=306344"}],"version-history":[{"count":1,"href":"https:\/\/archive.sana.sy\/tr\/index.php?rest_route=\/wp\/v2\/posts\/306344\/revisions"}],"predecessor-version":[{"id":306346,"href":"https:\/\/archive.sana.sy\/tr\/index.php?rest_route=\/wp\/v2\/posts\/306344\/revisions\/306346"}],"wp:featuredmedia":[{"embeddable":true,"href":"https:\/\/archive.sana.sy\/tr\/index.php?rest_route=\/wp\/v2\/media\/306345"}],"wp:attachment":[{"href":"https:\/\/archive.sana.sy\/tr\/index.php?rest_route=%2Fwp%2Fv2%2Fmedia&parent=306344"}],"wp:term":[{"taxonomy":"category","embeddable":true,"href":"https:\/\/archive.sana.sy\/tr\/index.php?rest_route=%2Fwp%2Fv2%2Fcategories&post=306344"},{"taxonomy":"post_tag","embeddable":true,"href":"https:\/\/archive.sana.sy\/tr\/index.php?rest_route=%2Fwp%2Fv2%2Ftags&post=306344"}],"curies":[{"name":"wp","href":"https:\/\/api.w.org\/{rel}","templated":true}]}}