{"id":306358,"date":"2024-08-09T09:22:25","date_gmt":"2024-08-09T06:22:25","guid":{"rendered":"https:\/\/sana.sy\/tr\/?p=306358"},"modified":"2024-08-12T09:55:24","modified_gmt":"2024-08-12T06:55:24","slug":"gazze-seridinde-cesitli-bolgelere-yonelik-araliksiz-isgal-bombardimani-sonucu-8-sehit","status":"publish","type":"post","link":"https:\/\/archive.sana.sy\/tr\/?p=306358","title":{"rendered":"Gazze \u015eeridi&#8217;nde \u00c7e\u015fitli B\u00f6lgelere Y\u00f6nelik Aral\u0131ks\u0131z \u0130\u015fgal Bombard\u0131man\u0131 Sonucu 8 \u015eehit"},"content":{"rendered":"<p style=\"text-align: justify;\"><strong>\u0130\u015eGAL ED\u0130LEN KUD\u00dcS (SANA) \u2013 <\/strong>\u0130\u015fgalci \u0130srail&#8217;in 308&#8217;inci g\u00fcn\u00fcnde de devam eden Gazze \u015eeridi&#8217;nin \u00e7e\u015fitli b\u00f6lgelerini bombalamas\u0131 sonucu bug\u00fcn \u015fafak vakti 8 Filistinli \u015fehit d\u00fc\u015ft\u00fc, 8 Filistinli de yaraland\u0131.<\/p>\n<p style=\"text-align: justify;\">Filistin medyas\u0131, i\u015fgal u\u00e7aklar\u0131n\u0131n Gazze \u015eeridi&#8217;nin g\u00fcneyindeki Nuseyrat, Magazi ve Ceba\u015fya kamplar\u0131 ile Han Yunus ve Refah kentlerindeki evleri bombalad\u0131\u011f\u0131n\u0131 belirtirken, Bu da aralar\u0131nda \u00e7ocuk ve kad\u0131nlar\u0131n da bulundu\u011fu 5 Filistinlinin \u00f6l\u00fcm\u00fcne, baz\u0131lar\u0131n\u0131n da yaralanmas\u0131na yol a\u00e7t\u0131\u011f\u0131na i\u015faret etti.<\/p>\n<p style=\"text-align: justify;\">\u0130\u015fgal u\u00e7aklar\u0131n\u0131n Han Yunus&#8217;un do\u011fusundaki Abasan El Kebira kasabas\u0131na ba\u011fl\u0131 El \u015eevafin b\u00f6lgesinde bir evi bombalamas\u0131 sonucu 3 Filistinli hayat\u0131n\u0131 kaybetti, \u00e7ok say\u0131da ki\u015fi de yaraland\u0131.<\/p>\n<p style=\"text-align: justify;\">D\u00fcn Gazze \u015eeridi&#8217;nin \u00e7e\u015fitli b\u00f6lgelerine i\u015fgal u\u00e7aklar\u0131 ve top\u00e7u bombard\u0131man\u0131 sonucu 56 Filistinli \u015fehit d\u00fc\u015ft\u00fc, onlarca ki\u015fi de yaraland\u0131.<\/p>\n<p style=\"text-align: center;\"><strong><a href=\"https:\/\/t.me\/SuriyeArapHaberAjansI\">Telegram Kanal\u0131m\u0131z\u00a0<\/a>||<a href=\"https:\/\/twitter.com\/arap_ajans\">X Platformumuz\u00a0<\/a>||<a href=\"https:\/\/www.facebook.com\/SANAHaberAjansi\/\">Facebook Sayfam\u0131z<\/a><\/strong><\/p>\n","protected":false},"excerpt":{"rendered":"<p>\u0130\u015eGAL ED\u0130LEN KUD\u00dcS (SANA) \u2013 \u0130\u015fgalci \u0130srail&#8217;in 308&#8217;inci g\u00fcn\u00fcnde de devam eden Gazze \u015eeridi&#8217;nin \u00e7e\u015fitli b\u00f6lgelerini bombalamas\u0131 sonucu bug\u00fcn \u015fafak vakti 8 Filistinli \u015fehit d\u00fc\u015ft\u00fc, 8 Filistinli de yaraland\u0131. Filistin medyas\u0131, i\u015fgal u\u00e7aklar\u0131n\u0131n Gazze \u015eeridi&#8217;nin g\u00fcneyindeki Nuseyrat, Magazi ve Ceba\u015fya kamplar\u0131 ile Han Yunus ve Refah kentlerindeki evleri bombalad\u0131\u011f\u0131n\u0131 belirtirken, Bu da aralar\u0131nda \u00e7ocuk ve &hellip;<\/p>\n","protected":false},"author":36,"featured_media":306359,"comment_status":"closed","ping_status":"closed","sticky":false,"template":"","format":"standard","meta":{"footnotes":""},"categories":[458,459,17988],"tags":[],"class_list":["post-306358","post","type-post","status-publish","format-standard","has-post-thumbnail","","category-dunya1","category-haberler-arap-uluslararasi-politika","category-son-haberler"],"_links":{"self":[{"href":"https:\/\/archive.sana.sy\/tr\/index.php?rest_route=\/wp\/v2\/posts\/306358","targetHints":{"allow":["GET"]}}],"collection":[{"href":"https:\/\/archive.sana.sy\/tr\/index.php?rest_route=\/wp\/v2\/posts"}],"about":[{"href":"https:\/\/archive.sana.sy\/tr\/index.php?rest_route=\/wp\/v2\/types\/post"}],"author":[{"embeddable":true,"href":"https:\/\/archive.sana.sy\/tr\/index.php?rest_route=\/wp\/v2\/users\/36"}],"replies":[{"embeddable":true,"href":"https:\/\/archive.sana.sy\/tr\/index.php?rest_route=%2Fwp%2Fv2%2Fcomments&post=306358"}],"version-history":[{"count":4,"href":"https:\/\/archive.sana.sy\/tr\/index.php?rest_route=\/wp\/v2\/posts\/306358\/revisions"}],"predecessor-version":[{"id":306374,"href":"https:\/\/archive.sana.sy\/tr\/index.php?rest_route=\/wp\/v2\/posts\/306358\/revisions\/306374"}],"wp:featuredmedia":[{"embeddable":true,"href":"https:\/\/archive.sana.sy\/tr\/index.php?rest_route=\/wp\/v2\/media\/306359"}],"wp:attachment":[{"href":"https:\/\/archive.sana.sy\/tr\/index.php?rest_route=%2Fwp%2Fv2%2Fmedia&parent=306358"}],"wp:term":[{"taxonomy":"category","embeddable":true,"href":"https:\/\/archive.sana.sy\/tr\/index.php?rest_route=%2Fwp%2Fv2%2Fcategories&post=306358"},{"taxonomy":"post_tag","embeddable":true,"href":"https:\/\/archive.sana.sy\/tr\/index.php?rest_route=%2Fwp%2Fv2%2Ftags&post=306358"}],"curies":[{"name":"wp","href":"https:\/\/api.w.org\/{rel}","templated":true}]}}