{"id":306361,"date":"2024-08-09T12:00:48","date_gmt":"2024-08-09T09:00:48","guid":{"rendered":"https:\/\/sana.sy\/tr\/?p=306361"},"modified":"2024-08-11T11:30:49","modified_gmt":"2024-08-11T08:30:49","slug":"dsg-milislerinin-deyrezzor-kirsalina-duzenledigi-saldirida-ayni-aileden-9-vatandas-yaralandi","status":"publish","type":"post","link":"https:\/\/archive.sana.sy\/tr\/?p=306361","title":{"rendered":"&#8221;SDG&#8221; Milislerinin Deyrezzor K\u0131rsal\u0131ndaki El Bulil Kasabas\u0131na D\u00fczenledi\u011fi Sald\u0131r\u0131da Bir Kad\u0131n Ve K\u0131z\u0131 \u015eehit D\u00fc\u015ft\u00fc, 7 Vatanda\u015f Yaraland\u0131"},"content":{"rendered":"<p style=\"text-align: justify;\"><strong>DEYREZZOR (SANA)<\/strong> \u2013 Amerikan i\u015fgaline ba\u011fl\u0131 \u201cSDG\u201d milislerinin Deyrezzor&#8217;un do\u011fu k\u0131rsal\u0131ndaki El Bulil kasabas\u0131ndaki evlerine att\u0131\u011f\u0131 top mermisinin d\u00fc\u015fmesi sonucu \u0644\u0627ir kad\u0131n ve k\u0131z\u0131 \u015fehit oldu, ayn\u0131 aileden aralar\u0131nda \u00e7ocuk ve kad\u0131nlar\u0131n da bulundu\u011fu 7 ki\u015fi yaraland\u0131.<\/p>\n<p style=\"text-align: justify;\">Deyriezzor&#8217;daki Esad Hastanesi Genel M\u00fcd\u00fcr\u00fc Dr. Musanna El Yusuf, bug\u00fcn erken saatlerde bir SANA muhabirine yapt\u0131\u011f\u0131 a\u00e7\u0131klamada, hastaneye bu sabah roket mermisi par\u00e7alar\u0131ndan yaralanan ve \u00e7e\u015fitli derecelerde yaralara yol a\u00e7an dokuz vatanda\u015f\u0131n kabul edildi\u011fini s\u00f6ylemi\u015fti.<\/p>\n<p style=\"text-align: center;\"><strong><a href=\"https:\/\/t.me\/SuriyeArapHaberAjansI\">Telegram Kanal\u0131m\u0131z\u00a0<\/a>||<a href=\"https:\/\/twitter.com\/arap_ajans\">X Platformumuz\u00a0<\/a>||<a href=\"https:\/\/www.facebook.com\/SANAHaberAjansi\/\">Facebook Sayfam\u0131z<\/a><\/strong><\/p>\n","protected":false},"excerpt":{"rendered":"<p>DEYREZZOR (SANA) \u2013 Amerikan i\u015fgaline ba\u011fl\u0131 \u201cSDG\u201d milislerinin Deyrezzor&#8217;un do\u011fu k\u0131rsal\u0131ndaki El Bulil kasabas\u0131ndaki evlerine att\u0131\u011f\u0131 top mermisinin d\u00fc\u015fmesi sonucu \u0644\u0627ir kad\u0131n ve k\u0131z\u0131 \u015fehit oldu, ayn\u0131 aileden aralar\u0131nda \u00e7ocuk ve kad\u0131nlar\u0131n da bulundu\u011fu 7 ki\u015fi yaraland\u0131. Deyriezzor&#8217;daki Esad Hastanesi Genel M\u00fcd\u00fcr\u00fc Dr. Musanna El Yusuf, bug\u00fcn erken saatlerde bir SANA muhabirine yapt\u0131\u011f\u0131 a\u00e7\u0131klamada, hastaneye &hellip;<\/p>\n","protected":false},"author":36,"featured_media":306362,"comment_status":"closed","ping_status":"closed","sticky":false,"template":"","format":"standard","meta":{"footnotes":""},"categories":[479,575,17988,478],"tags":[42105,42104,42103],"class_list":["post-306361","post","type-post","status-publish","format-standard","has-post-thumbnail","","category-haberler-yerel","category-olaylar-ve-gercekler","category-son-haberler","category-yerel","tag-hal-koruma-birimleri-suriue","tag-suriye-dempkratik-gucleri","tag-suriyedeki-pkknin-kollari"],"_links":{"self":[{"href":"https:\/\/archive.sana.sy\/tr\/index.php?rest_route=\/wp\/v2\/posts\/306361","targetHints":{"allow":["GET"]}}],"collection":[{"href":"https:\/\/archive.sana.sy\/tr\/index.php?rest_route=\/wp\/v2\/posts"}],"about":[{"href":"https:\/\/archive.sana.sy\/tr\/index.php?rest_route=\/wp\/v2\/types\/post"}],"author":[{"embeddable":true,"href":"https:\/\/archive.sana.sy\/tr\/index.php?rest_route=\/wp\/v2\/users\/36"}],"replies":[{"embeddable":true,"href":"https:\/\/archive.sana.sy\/tr\/index.php?rest_route=%2Fwp%2Fv2%2Fcomments&post=306361"}],"version-history":[{"count":9,"href":"https:\/\/archive.sana.sy\/tr\/index.php?rest_route=\/wp\/v2\/posts\/306361\/revisions"}],"predecessor-version":[{"id":306392,"href":"https:\/\/archive.sana.sy\/tr\/index.php?rest_route=\/wp\/v2\/posts\/306361\/revisions\/306392"}],"wp:featuredmedia":[{"embeddable":true,"href":"https:\/\/archive.sana.sy\/tr\/index.php?rest_route=\/wp\/v2\/media\/306362"}],"wp:attachment":[{"href":"https:\/\/archive.sana.sy\/tr\/index.php?rest_route=%2Fwp%2Fv2%2Fmedia&parent=306361"}],"wp:term":[{"taxonomy":"category","embeddable":true,"href":"https:\/\/archive.sana.sy\/tr\/index.php?rest_route=%2Fwp%2Fv2%2Fcategories&post=306361"},{"taxonomy":"post_tag","embeddable":true,"href":"https:\/\/archive.sana.sy\/tr\/index.php?rest_route=%2Fwp%2Fv2%2Ftags&post=306361"}],"curies":[{"name":"wp","href":"https:\/\/api.w.org\/{rel}","templated":true}]}}