{"id":306364,"date":"2024-08-09T13:03:13","date_gmt":"2024-08-09T10:03:13","guid":{"rendered":"https:\/\/sana.sy\/tr\/?p=306364"},"modified":"2024-08-10T10:10:05","modified_gmt":"2024-08-10T07:10:05","slug":"aksa-tufani-operasyonu-bugunun-en-one-cikan-gelismeleri-218","status":"publish","type":"post","link":"https:\/\/archive.sana.sy\/tr\/?p=306364","title":{"rendered":"Aksa Tufan\u0131 Operasyonu\u2026 Bug\u00fcn\u00fcn En \u00d6ne \u00c7\u0131kan Geli\u015fmeleri"},"content":{"rendered":"<p style=\"text-align: justify;\"><strong>\u0130\u015eGAL ED\u0130LEN KUD\u00dcS (SANA) \u2013\u00a0<\/strong>Filistin direni\u015finin i\u015fgalci \u0130srail\u2019in sald\u0131rganl\u0131\u011f\u0131na yan\u0131t olarak 7 Ekim\u2019de ba\u015flatt\u0131\u011f\u0131 Aksa Tufan\u0131 Operasyonu\u2019nda \u00f6ne \u00e7\u0131kan geli\u015fmeler:<\/p>\n<ul>\n<li style=\"text-align: justify;\">Filistin direni\u015fi,Gazze&#8217;nin g\u00fcneyindeki Refah \u015fehrinin bat\u0131s\u0131ndaki Tel el Sultan mahallesinde 9 askerden olu\u015fan \u0130srail d\u00fc\u015fman g\u00fcc\u00fcn\u00fcn barikat kurdu\u011fu binay\u0131 iki TBG top mermisiyle hedef ald\u0131.<\/li>\n<li style=\"text-align: justify;\">Avrupa-Akdeniz G\u00f6zlemevi: \u0130srail taraf\u0131n\u0131n Gazze&#8217;de yerinden edilmi\u015f insanlara y\u00f6nelik okullar\u0131 bombalamas\u0131, sistematik bir yerinden etme politikas\u0131d\u0131r.<\/li>\n<li style=\"text-align: justify;\"><a href=\"https:\/\/www.sana.sy\/tr\/?p=306358\">Gazze \u015eeridi&#8217;nin \u00e7e\u015fitli b\u00f6lgelerine aral\u0131ks\u0131z d\u00fczenlenen i\u015fgal bombard\u0131man\u0131 sonucu 8 \u015fehit.<\/a><\/li>\n<\/ul>\n<p style=\"text-align: center;\"><strong><a href=\"https:\/\/t.me\/SuriyeArapHaberAjansI\">Telegram Kanal\u0131m\u0131z\u00a0<\/a>||<a href=\"https:\/\/twitter.com\/arap_ajans\">X Platformumuz\u00a0<\/a>||<a href=\"https:\/\/www.facebook.com\/SANAHaberAjansi\/\">Facebook Sayfam\u0131z<\/a><\/strong><\/p>\n<p>&nbsp;<\/p>\n","protected":false},"excerpt":{"rendered":"<p>\u0130\u015eGAL ED\u0130LEN KUD\u00dcS (SANA) \u2013\u00a0Filistin direni\u015finin i\u015fgalci \u0130srail\u2019in sald\u0131rganl\u0131\u011f\u0131na yan\u0131t olarak 7 Ekim\u2019de ba\u015flatt\u0131\u011f\u0131 Aksa Tufan\u0131 Operasyonu\u2019nda \u00f6ne \u00e7\u0131kan geli\u015fmeler: Filistin direni\u015fi,Gazze&#8217;nin g\u00fcneyindeki Refah \u015fehrinin bat\u0131s\u0131ndaki Tel el Sultan mahallesinde 9 askerden olu\u015fan \u0130srail d\u00fc\u015fman g\u00fcc\u00fcn\u00fcn barikat kurdu\u011fu binay\u0131 iki TBG top mermisiyle hedef ald\u0131. Avrupa-Akdeniz G\u00f6zlemevi: \u0130srail taraf\u0131n\u0131n Gazze&#8217;de yerinden edilmi\u015f insanlara y\u00f6nelik okullar\u0131 &hellip;<\/p>\n","protected":false},"author":36,"featured_media":306365,"comment_status":"closed","ping_status":"closed","sticky":false,"template":"","format":"standard","meta":{"footnotes":""},"categories":[458,459,17988],"tags":[40122],"class_list":["post-306364","post","type-post","status-publish","format-standard","has-post-thumbnail","","category-dunya1","category-haberler-arap-uluslararasi-politika","category-son-haberler","tag-gazzede-son-durum"],"_links":{"self":[{"href":"https:\/\/archive.sana.sy\/tr\/index.php?rest_route=\/wp\/v2\/posts\/306364","targetHints":{"allow":["GET"]}}],"collection":[{"href":"https:\/\/archive.sana.sy\/tr\/index.php?rest_route=\/wp\/v2\/posts"}],"about":[{"href":"https:\/\/archive.sana.sy\/tr\/index.php?rest_route=\/wp\/v2\/types\/post"}],"author":[{"embeddable":true,"href":"https:\/\/archive.sana.sy\/tr\/index.php?rest_route=\/wp\/v2\/users\/36"}],"replies":[{"embeddable":true,"href":"https:\/\/archive.sana.sy\/tr\/index.php?rest_route=%2Fwp%2Fv2%2Fcomments&post=306364"}],"version-history":[{"count":2,"href":"https:\/\/archive.sana.sy\/tr\/index.php?rest_route=\/wp\/v2\/posts\/306364\/revisions"}],"predecessor-version":[{"id":306375,"href":"https:\/\/archive.sana.sy\/tr\/index.php?rest_route=\/wp\/v2\/posts\/306364\/revisions\/306375"}],"wp:featuredmedia":[{"embeddable":true,"href":"https:\/\/archive.sana.sy\/tr\/index.php?rest_route=\/wp\/v2\/media\/306365"}],"wp:attachment":[{"href":"https:\/\/archive.sana.sy\/tr\/index.php?rest_route=%2Fwp%2Fv2%2Fmedia&parent=306364"}],"wp:term":[{"taxonomy":"category","embeddable":true,"href":"https:\/\/archive.sana.sy\/tr\/index.php?rest_route=%2Fwp%2Fv2%2Fcategories&post=306364"},{"taxonomy":"post_tag","embeddable":true,"href":"https:\/\/archive.sana.sy\/tr\/index.php?rest_route=%2Fwp%2Fv2%2Ftags&post=306364"}],"curies":[{"name":"wp","href":"https:\/\/api.w.org\/{rel}","templated":true}]}}