{"id":306376,"date":"2024-08-09T12:05:54","date_gmt":"2024-08-09T09:05:54","guid":{"rendered":"https:\/\/sana.sy\/tr\/?p=306376"},"modified":"2024-08-11T11:30:57","modified_gmt":"2024-08-11T08:30:57","slug":"kenaani-siyonist-cete-uluslararasi-hukuka-uymuyor-ve-suclarinda-sinir-tanimiyor","status":"publish","type":"post","link":"https:\/\/archive.sana.sy\/tr\/?p=306376","title":{"rendered":"Kenaani: Siyonist \u00c7ete Uluslararas\u0131 Hukuka Uymuyor Ve Su\u00e7lar\u0131nda S\u0131n\u0131r Tan\u0131m\u0131yor"},"content":{"rendered":"<p style=\"text-align: justify;\"><strong>TAHRAN (SANA) &#8211;<\/strong>\u00a0 \u0130ran D\u0131\u015fi\u015fleri Bakanl\u0131\u011f\u0131 s\u00f6zc\u00fcs\u00fc Nas\u0131r Kenaani, Siyonist su\u00e7 \u00e7etesinin bask\u0131yla, kararl\u0131 ve cayd\u0131r\u0131c\u0131 tedbirlerle kar\u015f\u0131 kar\u015f\u0131ya kalmad\u0131k\u00e7a uluslararas\u0131 yasalara tabi olmad\u0131\u011f\u0131n\u0131 d\u00fcnyan\u0131n anlam\u0131\u015f olmas\u0131 gerekti\u011fini vurgulad\u0131.<\/p>\n<p style=\"text-align: justify;\">Kenaani, &#8220;X&#8221; sosyal payla\u015f\u0131m sitesinde \u015funlar\u0131 yazd\u0131: &#8220;Siyonist varl\u0131\u011f\u0131n Maliye Bakan\u0131, bu varl\u0131\u011f\u0131n rehinelerinin serbest b\u0131rak\u0131lmas\u0131 kar\u015f\u0131l\u0131\u011f\u0131nda iki milyon Filistinlinin a\u00e7l\u0131k nedeniyle \u00f6ld\u00fcr\u00fclmesini do\u011fru ve ahlaki bir eylem olarak nitelendirdi.&#8221;<\/p>\n<p style=\"text-align: justify;\">\u00a0Kenaani ayr\u0131ca, Siyonist su\u00e7 \u00e7etesinin bu \u00fcyesinin a\u00e7\u0131klamalar\u0131n\u0131n, Siyonist varl\u0131\u011f\u0131n son on ay boyunca Gazze&#8217;de kad\u0131n, \u00e7ocuk ve masum sivillere y\u00f6nelik soyk\u0131r\u0131m ve cinayetler s\u0131ras\u0131nda yapt\u0131klar\u0131n\u0131n bir t\u00fcr kamuya duyurulmas\u0131 ve tan\u0131nmas\u0131ndan ba\u015fka bir \u015fey olmad\u0131\u011f\u0131n\u0131 kaydetti.<\/p>\n<p style=\"text-align: justify;\">Kenaani, bu i\u011fren\u00e7 ve korkun\u00e7 a\u00e7\u0131klamalar\u0131n \u015fiddetle k\u0131nand\u0131\u011f\u0131n\u0131, ahlaki ve insani a\u00e7\u0131dan ve uluslararas\u0131 hukuk h\u00fck\u00fcmleri a\u00e7\u0131s\u0131ndan uluslararas\u0131 soru\u015fturmay\u0131 hak etti\u011fini \u00a0da ifade etti.<\/p>\n<p style=\"text-align: center;\"><strong><a href=\"https:\/\/t.me\/SuriyeArapHaberAjansI\">Telegram Kanal\u0131m\u0131z\u00a0<\/a>||<a href=\"https:\/\/twitter.com\/arap_ajans\">X Platformumuz\u00a0<\/a>||<a href=\"https:\/\/www.facebook.com\/SANAHaberAjansi\/\">Facebook Sayfam\u0131z<\/a><\/strong><\/p>\n","protected":false},"excerpt":{"rendered":"<p>TAHRAN (SANA) &#8211;\u00a0 \u0130ran D\u0131\u015fi\u015fleri Bakanl\u0131\u011f\u0131 s\u00f6zc\u00fcs\u00fc Nas\u0131r Kenaani, Siyonist su\u00e7 \u00e7etesinin bask\u0131yla, kararl\u0131 ve cayd\u0131r\u0131c\u0131 tedbirlerle kar\u015f\u0131 kar\u015f\u0131ya kalmad\u0131k\u00e7a uluslararas\u0131 yasalara tabi olmad\u0131\u011f\u0131n\u0131 d\u00fcnyan\u0131n anlam\u0131\u015f olmas\u0131 gerekti\u011fini vurgulad\u0131. Kenaani, &#8220;X&#8221; sosyal payla\u015f\u0131m sitesinde \u015funlar\u0131 yazd\u0131: &#8220;Siyonist varl\u0131\u011f\u0131n Maliye Bakan\u0131, bu varl\u0131\u011f\u0131n rehinelerinin serbest b\u0131rak\u0131lmas\u0131 kar\u015f\u0131l\u0131\u011f\u0131nda iki milyon Filistinlinin a\u00e7l\u0131k nedeniyle \u00f6ld\u00fcr\u00fclmesini do\u011fru ve ahlaki &hellip;<\/p>\n","protected":false},"author":41,"featured_media":306377,"comment_status":"closed","ping_status":"closed","sticky":false,"template":"","format":"standard","meta":{"footnotes":""},"categories":[458,459,17988],"tags":[],"class_list":["post-306376","post","type-post","status-publish","format-standard","has-post-thumbnail","","category-dunya1","category-haberler-arap-uluslararasi-politika","category-son-haberler"],"_links":{"self":[{"href":"https:\/\/archive.sana.sy\/tr\/index.php?rest_route=\/wp\/v2\/posts\/306376","targetHints":{"allow":["GET"]}}],"collection":[{"href":"https:\/\/archive.sana.sy\/tr\/index.php?rest_route=\/wp\/v2\/posts"}],"about":[{"href":"https:\/\/archive.sana.sy\/tr\/index.php?rest_route=\/wp\/v2\/types\/post"}],"author":[{"embeddable":true,"href":"https:\/\/archive.sana.sy\/tr\/index.php?rest_route=\/wp\/v2\/users\/41"}],"replies":[{"embeddable":true,"href":"https:\/\/archive.sana.sy\/tr\/index.php?rest_route=%2Fwp%2Fv2%2Fcomments&post=306376"}],"version-history":[{"count":3,"href":"https:\/\/archive.sana.sy\/tr\/index.php?rest_route=\/wp\/v2\/posts\/306376\/revisions"}],"predecessor-version":[{"id":306394,"href":"https:\/\/archive.sana.sy\/tr\/index.php?rest_route=\/wp\/v2\/posts\/306376\/revisions\/306394"}],"wp:featuredmedia":[{"embeddable":true,"href":"https:\/\/archive.sana.sy\/tr\/index.php?rest_route=\/wp\/v2\/media\/306377"}],"wp:attachment":[{"href":"https:\/\/archive.sana.sy\/tr\/index.php?rest_route=%2Fwp%2Fv2%2Fmedia&parent=306376"}],"wp:term":[{"taxonomy":"category","embeddable":true,"href":"https:\/\/archive.sana.sy\/tr\/index.php?rest_route=%2Fwp%2Fv2%2Fcategories&post=306376"},{"taxonomy":"post_tag","embeddable":true,"href":"https:\/\/archive.sana.sy\/tr\/index.php?rest_route=%2Fwp%2Fv2%2Ftags&post=306376"}],"curies":[{"name":"wp","href":"https:\/\/api.w.org\/{rel}","templated":true}]}}