{"id":306381,"date":"2024-08-09T10:52:16","date_gmt":"2024-08-09T07:52:16","guid":{"rendered":"https:\/\/sana.sy\/tr\/?p=306381"},"modified":"2024-08-11T11:30:42","modified_gmt":"2024-08-11T08:30:42","slug":"rus-kuvvetleri-karadenizde-ukraynaya-ati-75-savas-ucagi-ve-7-insansiz-deniz-araci-imha-etti","status":"publish","type":"post","link":"https:\/\/archive.sana.sy\/tr\/?p=306381","title":{"rendered":"Rus Kuvvetleri Karadeniz&#8217;de Ukrayna\u2019ya Ati 75 Sava\u015f U\u00e7a\u011f\u0131 Ve 7 \u0130DA&#8217;y\u0131 \u0130mha Etti"},"content":{"rendered":"<p style=\"text-align: justify;\"><strong>MOSKOVA (SANA) &#8211; <\/strong>Rusya Savunma Bakanl\u0131\u011f\u0131 bug\u00fcn, g\u00f6rev ba\u015f\u0131ndaki hava savunma sistemlerinin Karadeniz&#8217;de Ukrayna kuvvetlerine ait 75 drone ve 7 insans\u0131z eniz arac\u0131n\u0131 ba\u015far\u0131yla imha etti\u011fini duyurdu.<\/p>\n<p style=\"text-align: justify;\">Sputnik, bakanl\u0131\u011f\u0131n yapt\u0131\u011f\u0131 a\u00e7\u0131klamada \u015funlar\u0131 kaydetti: &#8220;D\u00fcn gece Kiev rejimi, Rusya topraklar\u0131ndaki hedeflere insans\u0131z hava ara\u00e7lar\u0131 kullanarak ter\u00f6r sald\u0131r\u0131s\u0131 d\u00fczenlemeye \u00e7al\u0131\u015ft\u0131\u011f\u0131nda, operasyonel hava savunma sistemleri bunu \u00f6nledi ve 75 insans\u0131z hava arac\u0131n\u0131 imha etti.&#8221;<\/p>\n<p style=\"text-align: justify;\">Bakanl\u0131\u011fa g\u00f6re, Belgorod Oblast\u0131 topraklar\u0131nda 26, Lipetsk topraklar\u0131nda 19, Kursk \u00fczerinde 7, Bryansk \u00fczerinde 5, Voronej \u00fczerinde 4, Oryol topraklar\u0131nda 1 ve K\u0131r\u0131m Cumhuriyeti topraklar\u0131nda 5 \u0130HA imha edildi ve Karadeniz \u00fczerinde 8 \u0130HA daha d\u00fc\u015f\u00fcr\u00fcld\u00fc.<\/p>\n<p style=\"text-align: justify;\">Bakanl\u0131k a\u00e7\u0131klamas\u0131na \u015f\u00f6yle devam etti: &#8220;Ayr\u0131ca Karadeniz&#8217;deki ate\u015fli silahlar K\u0131r\u0131m Yar\u0131madas\u0131&#8217;na do\u011fru ilerleyen 7 insans\u0131z deniz arac\u0131n\u0131 da imha etti.&#8221;<\/p>\n<p style=\"text-align: justify;\">24 \u015eubat 2022&#8217;de ba\u015flayan Rus \u00f6zel askeri operasyonu, y\u0131llard\u0131r Kiev rejiminin zulm\u00fcne ve imhas\u0131na maruz kalan Donbass halk\u0131n\u0131 korumay\u0131 ama\u00e7lamaktad\u0131r.<\/p>\n<p style=\"text-align: center;\"><strong><a href=\"https:\/\/t.me\/SuriyeArapHaberAjansI\">Telegram Kanal\u0131m\u0131z\u00a0<\/a>||<a href=\"https:\/\/twitter.com\/arap_ajans\">X Platformumuz\u00a0<\/a>||<a href=\"https:\/\/www.facebook.com\/SANAHaberAjansi\/\">Facebook Sayfam\u0131z<\/a><\/strong><\/p>\n","protected":false},"excerpt":{"rendered":"<p>MOSKOVA (SANA) &#8211; Rusya Savunma Bakanl\u0131\u011f\u0131 bug\u00fcn, g\u00f6rev ba\u015f\u0131ndaki hava savunma sistemlerinin Karadeniz&#8217;de Ukrayna kuvvetlerine ait 75 drone ve 7 insans\u0131z eniz arac\u0131n\u0131 ba\u015far\u0131yla imha etti\u011fini duyurdu. Sputnik, bakanl\u0131\u011f\u0131n yapt\u0131\u011f\u0131 a\u00e7\u0131klamada \u015funlar\u0131 kaydetti: &#8220;D\u00fcn gece Kiev rejimi, Rusya topraklar\u0131ndaki hedeflere insans\u0131z hava ara\u00e7lar\u0131 kullanarak ter\u00f6r sald\u0131r\u0131s\u0131 d\u00fczenlemeye \u00e7al\u0131\u015ft\u0131\u011f\u0131nda, operasyonel hava savunma sistemleri bunu \u00f6nledi ve &hellip;<\/p>\n","protected":false},"author":41,"featured_media":306382,"comment_status":"closed","ping_status":"closed","sticky":false,"template":"","format":"standard","meta":{"footnotes":""},"categories":[458,459,17988],"tags":[42106],"class_list":["post-306381","post","type-post","status-publish","format-standard","has-post-thumbnail","","category-dunya1","category-haberler-arap-uluslararasi-politika","category-son-haberler","tag-rus-kuvvetleri-karadenizde-ukraynaya-ati-75-savas-ucagi-ve-7-insansiz-deniz-araci-imha-etti"],"_links":{"self":[{"href":"https:\/\/archive.sana.sy\/tr\/index.php?rest_route=\/wp\/v2\/posts\/306381","targetHints":{"allow":["GET"]}}],"collection":[{"href":"https:\/\/archive.sana.sy\/tr\/index.php?rest_route=\/wp\/v2\/posts"}],"about":[{"href":"https:\/\/archive.sana.sy\/tr\/index.php?rest_route=\/wp\/v2\/types\/post"}],"author":[{"embeddable":true,"href":"https:\/\/archive.sana.sy\/tr\/index.php?rest_route=\/wp\/v2\/users\/41"}],"replies":[{"embeddable":true,"href":"https:\/\/archive.sana.sy\/tr\/index.php?rest_route=%2Fwp%2Fv2%2Fcomments&post=306381"}],"version-history":[{"count":3,"href":"https:\/\/archive.sana.sy\/tr\/index.php?rest_route=\/wp\/v2\/posts\/306381\/revisions"}],"predecessor-version":[{"id":306385,"href":"https:\/\/archive.sana.sy\/tr\/index.php?rest_route=\/wp\/v2\/posts\/306381\/revisions\/306385"}],"wp:featuredmedia":[{"embeddable":true,"href":"https:\/\/archive.sana.sy\/tr\/index.php?rest_route=\/wp\/v2\/media\/306382"}],"wp:attachment":[{"href":"https:\/\/archive.sana.sy\/tr\/index.php?rest_route=%2Fwp%2Fv2%2Fmedia&parent=306381"}],"wp:term":[{"taxonomy":"category","embeddable":true,"href":"https:\/\/archive.sana.sy\/tr\/index.php?rest_route=%2Fwp%2Fv2%2Fcategories&post=306381"},{"taxonomy":"post_tag","embeddable":true,"href":"https:\/\/archive.sana.sy\/tr\/index.php?rest_route=%2Fwp%2Fv2%2Ftags&post=306381"}],"curies":[{"name":"wp","href":"https:\/\/api.w.org\/{rel}","templated":true}]}}