{"id":306386,"date":"2024-08-09T08:59:31","date_gmt":"2024-08-09T05:59:31","guid":{"rendered":"https:\/\/sana.sy\/tr\/?p=306386"},"modified":"2024-08-12T09:55:19","modified_gmt":"2024-08-12T06:55:19","slug":"israilin-lubnanin-guneyindeki-nakura-kasabasina-duzenledigi-saldirganlikta-iki-kisi-sehit-dustu","status":"publish","type":"post","link":"https:\/\/archive.sana.sy\/tr\/?p=306386","title":{"rendered":"\u0130srail&#8217;in L\u00fcbnan&#8217;\u0131n G\u00fcneyindeki Nakura Kasabas\u0131na D\u00fczenledi\u011fi Sald\u0131rganl\u0131kta \u0130ki Ki\u015fi \u015eehit D\u00fc\u015ft\u00fc"},"content":{"rendered":"<p style=\"text-align: justify;\"><strong>BEYRUT (SANA)<\/strong> &#8211;\u00a0 \u0130srail d\u00fc\u015fman u\u00e7aklar\u0131n\u0131n bug\u00fcn L\u00fcbnan&#8217;\u0131n g\u00fcneyindeki Nakura kasabas\u0131na d\u00fczenledi\u011fi bask\u0131nda 2 ki\u015fi \u015fehit oldu.<\/p>\n<p style=\"text-align: justify;\">L\u00fcbnan Ulusal Haber Ajans\u0131, Sa\u011fl\u0131k Bakanl\u0131\u011f\u0131 Kamu Sa\u011fl\u0131\u011f\u0131 Acil Durum Operasyon Merkezi&#8217;nin yapt\u0131\u011f\u0131 a\u00e7\u0131klamada \u015fu ifadelere yer verdi: \u2018\u2019 D\u00fc\u015fman \u0130srail\u2019in bu sabah Nakura kasabas\u0131na d\u00fczenledi\u011fi insans\u0131z hava arac\u0131 bask\u0131n\u0131, iki ki\u015finin \u015fehit olmas\u0131na yol a\u00e7t\u0131.\u2019\u2019<\/p>\n<p style=\"text-align: center;\"><strong><a href=\"https:\/\/t.me\/SuriyeArapHaberAjansI\">Telegram Kanal\u0131m\u0131z\u00a0<\/a>||<a href=\"https:\/\/twitter.com\/arap_ajans\">X Platformumuz\u00a0<\/a>||<a href=\"https:\/\/www.facebook.com\/SANAHaberAjansi\/\">Facebook Sayfam\u0131z<\/a><\/strong><\/p>\n","protected":false},"excerpt":{"rendered":"<p>BEYRUT (SANA) &#8211;\u00a0 \u0130srail d\u00fc\u015fman u\u00e7aklar\u0131n\u0131n bug\u00fcn L\u00fcbnan&#8217;\u0131n g\u00fcneyindeki Nakura kasabas\u0131na d\u00fczenledi\u011fi bask\u0131nda 2 ki\u015fi \u015fehit oldu. L\u00fcbnan Ulusal Haber Ajans\u0131, Sa\u011fl\u0131k Bakanl\u0131\u011f\u0131 Kamu Sa\u011fl\u0131\u011f\u0131 Acil Durum Operasyon Merkezi&#8217;nin yapt\u0131\u011f\u0131 a\u00e7\u0131klamada \u015fu ifadelere yer verdi: \u2018\u2019 D\u00fc\u015fman \u0130srail\u2019in bu sabah Nakura kasabas\u0131na d\u00fczenledi\u011fi insans\u0131z hava arac\u0131 bask\u0131n\u0131, iki ki\u015finin \u015fehit olmas\u0131na yol a\u00e7t\u0131.\u2019\u2019 Telegram Kanal\u0131m\u0131z\u00a0||X &hellip;<\/p>\n","protected":false},"author":41,"featured_media":306387,"comment_status":"closed","ping_status":"closed","sticky":false,"template":"","format":"standard","meta":{"footnotes":""},"categories":[458,459,17988],"tags":[42107],"class_list":["post-306386","post","type-post","status-publish","format-standard","has-post-thumbnail","","category-dunya1","category-haberler-arap-uluslararasi-politika","category-son-haberler","tag-israilin-lubnanin-guneyindeki-nakura-kasabasina-duzenledigi-saldirganlikta-iki-kisi-sehit-dustu"],"_links":{"self":[{"href":"https:\/\/archive.sana.sy\/tr\/index.php?rest_route=\/wp\/v2\/posts\/306386","targetHints":{"allow":["GET"]}}],"collection":[{"href":"https:\/\/archive.sana.sy\/tr\/index.php?rest_route=\/wp\/v2\/posts"}],"about":[{"href":"https:\/\/archive.sana.sy\/tr\/index.php?rest_route=\/wp\/v2\/types\/post"}],"author":[{"embeddable":true,"href":"https:\/\/archive.sana.sy\/tr\/index.php?rest_route=\/wp\/v2\/users\/41"}],"replies":[{"embeddable":true,"href":"https:\/\/archive.sana.sy\/tr\/index.php?rest_route=%2Fwp%2Fv2%2Fcomments&post=306386"}],"version-history":[{"count":1,"href":"https:\/\/archive.sana.sy\/tr\/index.php?rest_route=\/wp\/v2\/posts\/306386\/revisions"}],"predecessor-version":[{"id":306388,"href":"https:\/\/archive.sana.sy\/tr\/index.php?rest_route=\/wp\/v2\/posts\/306386\/revisions\/306388"}],"wp:featuredmedia":[{"embeddable":true,"href":"https:\/\/archive.sana.sy\/tr\/index.php?rest_route=\/wp\/v2\/media\/306387"}],"wp:attachment":[{"href":"https:\/\/archive.sana.sy\/tr\/index.php?rest_route=%2Fwp%2Fv2%2Fmedia&parent=306386"}],"wp:term":[{"taxonomy":"category","embeddable":true,"href":"https:\/\/archive.sana.sy\/tr\/index.php?rest_route=%2Fwp%2Fv2%2Fcategories&post=306386"},{"taxonomy":"post_tag","embeddable":true,"href":"https:\/\/archive.sana.sy\/tr\/index.php?rest_route=%2Fwp%2Fv2%2Ftags&post=306386"}],"curies":[{"name":"wp","href":"https:\/\/api.w.org\/{rel}","templated":true}]}}