{"id":306395,"date":"2024-08-09T09:24:21","date_gmt":"2024-08-09T06:24:21","guid":{"rendered":"https:\/\/sana.sy\/tr\/?p=306395"},"modified":"2024-08-11T11:30:33","modified_gmt":"2024-08-11T08:30:33","slug":"ayrilikci-sdg-milisleri-haseke-kent-merkezinde-halki-kusatiyor","status":"publish","type":"post","link":"https:\/\/archive.sana.sy\/tr\/?p=306395","title":{"rendered":"Ayr\u0131l\u0131k\u00e7\u0131 \u2018\u2019SDG\u2019\u2019 Milisleri Haseke Kent Merkezinde Halk\u0131 Ku\u015fat\u0131yor"},"content":{"rendered":"<p style=\"text-align: justify;\"><strong>HASEKE (SANA) &#8211;<\/strong> Amerikan i\u015fgal g\u00fc\u00e7lerinin destekledi\u011fi ayr\u0131l\u0131k\u00e7\u0131 \u2018\u2019SDG\u2019\u2019 milisleri, Haseke kent merkezini ku\u015fatmaya devam ederek halk\u0131n ya\u015famlar\u0131n\u0131 s\u00fcrd\u00fcrebilmesi i\u00e7in gerekli olan un, su ve g\u0131da malzemelerinin giri\u015fini engelledi.<\/p>\n<p style=\"text-align: justify;\">Evlerin stoklar\u0131n\u0131n bitmesi \u00fczerine sular\u0131n tamamen kesilmesi sonucu halk b\u00fcy\u00fck ma\u011fduriyet ya\u015farken, \u2018\u2019SDG\u2019\u2019 milisleri sokaklara yay\u0131lan sabit tanklar\u0131 doldurmak i\u00e7in uluslararas\u0131 kurulu\u015flara ait su ta\u015f\u0131ma tanklar\u0131n\u0131n girmesini engellemeye devam ediyor.<\/p>\n<p style=\"text-align: justify;\">Haseke \u0130\u00e7 Ticaret ve T\u00fcketiciyi Koruma M\u00fcd\u00fcr\u00fc Ali Helif, SANA muhabirine yapt\u0131\u011f\u0131 a\u00e7\u0131klamada, \u2018\u2019SDG\u2019\u2019 milislerinin ekmek \u00fcretimine el koymas\u0131 sonucu Kam\u0131\u015fl\u0131 kentindeki El Baas F\u0131r\u0131n\u0131&#8217;n\u0131n \u00fcretimini halka sunmay\u0131 b\u0131rakt\u0131\u011f\u0131n\u0131 a\u00e7\u0131klayarak, ku\u015fatman\u0131n s\u00fcrd\u00fcr\u00fclmesinin, un ve ekmek \u00fcretim malzemelerinin kamu ve \u00f6zel f\u0131r\u0131nlara giri\u015finin engellenmesinin tehlikesine dikkat \u00e7ekti.<\/p>\n<p style=\"text-align: justify;\">Buna kar\u015f\u0131l\u0131k Haseke Su Kurumu&#8217;ndan bir kaynak \u015funu belirtti: \u2018\u2019Akaryak\u0131t s\u0131k\u0131nt\u0131s\u0131na ra\u011fmen \u015fehir merkezindeki tuzdan ar\u0131nd\u0131rma tesislerinin \u00e7al\u0131\u015fma saatleri art\u0131r\u0131l\u0131rken, halk\u0131n minimum i\u00e7me suyu ihtiyac\u0131n\u0131 kar\u015f\u0131lamaya y\u00f6nelik \u00f6nlemler al\u0131nd\u0131. \u2018\u2019SDG\u2019\u2019 milislerinin halka y\u00f6nelik ihlallerini s\u00fcrd\u00fcrmesi halinde akaryak\u0131t\u0131n bitmesi nedeniyle istasyonlar\u0131n durmas\u0131 bekleniyor.\u2019\u2019<\/p>\n<p style=\"text-align: justify;\">Halk ise, SDG milislerinin varl\u0131\u011f\u0131n\u0131 reddedenleri a\u00e7 ve susuz b\u0131rakma konusundaki \u0131srar\u0131n\u0131 temel olarak k\u0131narken, t\u00fcm uluslararas\u0131 ve insan haklar\u0131 \u00f6rg\u00fctlerini, bu milislerin ve onun destek\u00e7isi Amerikal\u0131 i\u015fgalcinin i\u015fledi\u011fi bu ihlallere ve insanl\u0131\u011fa kar\u015f\u0131 su\u00e7lara m\u00fcdahale etmeye ve durdurmaya \u00e7a\u011f\u0131rd\u0131.<\/p>\n<p style=\"text-align: center;\"><strong><a href=\"https:\/\/t.me\/SuriyeArapHaberAjansI\">Telegram Kanal\u0131m\u0131z\u00a0<\/a>||<a href=\"https:\/\/twitter.com\/arap_ajans\">X Platformumuz\u00a0<\/a>||<a href=\"https:\/\/www.facebook.com\/SANAHaberAjansi\/\">Facebook Sayfam\u0131z<\/a><\/strong><\/p>\n","protected":false},"excerpt":{"rendered":"<p>HASEKE (SANA) &#8211; Amerikan i\u015fgal g\u00fc\u00e7lerinin destekledi\u011fi ayr\u0131l\u0131k\u00e7\u0131 \u2018\u2019SDG\u2019\u2019 milisleri, Haseke kent merkezini ku\u015fatmaya devam ederek halk\u0131n ya\u015famlar\u0131n\u0131 s\u00fcrd\u00fcrebilmesi i\u00e7in gerekli olan un, su ve g\u0131da malzemelerinin giri\u015fini engelledi. Evlerin stoklar\u0131n\u0131n bitmesi \u00fczerine sular\u0131n tamamen kesilmesi sonucu halk b\u00fcy\u00fck ma\u011fduriyet ya\u015farken, \u2018\u2019SDG\u2019\u2019 milisleri sokaklara yay\u0131lan sabit tanklar\u0131 doldurmak i\u00e7in uluslararas\u0131 kurulu\u015flara ait su ta\u015f\u0131ma tanklar\u0131n\u0131n &hellip;<\/p>\n","protected":false},"author":41,"featured_media":306396,"comment_status":"closed","ping_status":"closed","sticky":false,"template":"","format":"standard","meta":{"footnotes":""},"categories":[479,575,17988,478],"tags":[],"class_list":["post-306395","post","type-post","status-publish","format-standard","has-post-thumbnail","","category-haberler-yerel","category-olaylar-ve-gercekler","category-son-haberler","category-yerel"],"_links":{"self":[{"href":"https:\/\/archive.sana.sy\/tr\/index.php?rest_route=\/wp\/v2\/posts\/306395","targetHints":{"allow":["GET"]}}],"collection":[{"href":"https:\/\/archive.sana.sy\/tr\/index.php?rest_route=\/wp\/v2\/posts"}],"about":[{"href":"https:\/\/archive.sana.sy\/tr\/index.php?rest_route=\/wp\/v2\/types\/post"}],"author":[{"embeddable":true,"href":"https:\/\/archive.sana.sy\/tr\/index.php?rest_route=\/wp\/v2\/users\/41"}],"replies":[{"embeddable":true,"href":"https:\/\/archive.sana.sy\/tr\/index.php?rest_route=%2Fwp%2Fv2%2Fcomments&post=306395"}],"version-history":[{"count":2,"href":"https:\/\/archive.sana.sy\/tr\/index.php?rest_route=\/wp\/v2\/posts\/306395\/revisions"}],"predecessor-version":[{"id":306398,"href":"https:\/\/archive.sana.sy\/tr\/index.php?rest_route=\/wp\/v2\/posts\/306395\/revisions\/306398"}],"wp:featuredmedia":[{"embeddable":true,"href":"https:\/\/archive.sana.sy\/tr\/index.php?rest_route=\/wp\/v2\/media\/306396"}],"wp:attachment":[{"href":"https:\/\/archive.sana.sy\/tr\/index.php?rest_route=%2Fwp%2Fv2%2Fmedia&parent=306395"}],"wp:term":[{"taxonomy":"category","embeddable":true,"href":"https:\/\/archive.sana.sy\/tr\/index.php?rest_route=%2Fwp%2Fv2%2Fcategories&post=306395"},{"taxonomy":"post_tag","embeddable":true,"href":"https:\/\/archive.sana.sy\/tr\/index.php?rest_route=%2Fwp%2Fv2%2Ftags&post=306395"}],"curies":[{"name":"wp","href":"https:\/\/api.w.org\/{rel}","templated":true}]}}