{"id":306399,"date":"2024-08-09T18:17:18","date_gmt":"2024-08-09T15:17:18","guid":{"rendered":"https:\/\/sana.sy\/tr\/?p=306399"},"modified":"2024-08-27T11:00:27","modified_gmt":"2024-08-27T08:00:27","slug":"lubnan-direnisi-saldiri-ihalari-ve-fuzelerle-dusan-israilin-liman-ve-kiryat-smona-kislalarini-hedef-aldi","status":"publish","type":"post","link":"https:\/\/archive.sana.sy\/tr\/?p=306399","title":{"rendered":"L\u00fcbnan Direni\u015fi Sald\u0131r\u0131 \u0130HA\u2019lar\u0131 ve F\u00fczelerle D\u00fc\u015fman \u0130srail\u2019in Liman Ve Kiryat \u015emona K\u0131\u015flalar\u0131n\u0131 Hedef Ald\u0131"},"content":{"rendered":"<p style=\"text-align: justify;\"><strong>BEYRUT (SANA)<\/strong> &#8211; L\u00fcbnan direni\u015fi, sald\u0131r\u0131 \u0130HA\u2019lar\u0131 ve Katyu\u015fa roketleriyle i\u015fgal alt\u0131ndaki Filistin&#8217;in kuzeyinde d\u00fc\u015fman \u0130srail\u2019in Liman ve Kiryat \u015emona k\u0131\u015flalar\u0131n\u0131 hedef ald\u0131 ve do\u011frudan isabetlere neden oldu.<\/p>\n<p style=\"text-align: justify;\">Direni\u015f bug\u00fcn yapt\u0131\u011f\u0131 a\u00e7\u0131klamada \u015funlar\u0131 s\u00f6yledi: &#8220;Gazze \u015eeridi&#8217;ndeki kararl\u0131 Filistin halk\u0131m\u0131za destek olarak, onlar\u0131n cesur ve onurlu direni\u015fine destek olarak ve d\u00fc\u015fman\u0131n Hanaviye ve Nakura kasabalar\u0131nda ger\u00e7ekle\u015ftirdi\u011fi sald\u0131r\u0131 ve suikastlara yan\u0131t olarak, direni\u015f g\u00fc\u00e7leri, Liman&#8217;da yeni olu\u015fturulan Bat\u0131 Tugay\u0131&#8217;n\u0131n Sahil Taburu&#8217;nun karargah\u0131na bir sald\u0131r\u0131 filosuyla hava sald\u0131r\u0131s\u0131 ba\u015flatt\u0131. Direni\u015f sava\u015f\u00e7\u0131lar\u0131 subay ve askerlerinin yerlerini hedef ald\u0131 ve hedeflerini isabetli bir \u015fekilde vurarak d\u00fc\u015fmana kesin kay\u0131plar verdirdi.\u201d<\/p>\n<p style=\"text-align: justify;\">Direni\u015f ayr\u0131ca, Kiryat \u015emona Basaliyah k\u0131\u015flas\u0131ndaki 769. Tugay kararg\u00e2h\u0131n\u0131 Katyu\u015fa ve Falak roketleriyle hedef ald\u0131.<\/p>\n<p style=\"text-align: justify;\">Direni\u015f Kiryat \u015emona ve El Manara yerle\u015fim yerlerinde d\u00fc\u015fman askerlerinin kulland\u0131\u011f\u0131 binalar\u0131 da uygun silahlarla hedef alarak do\u011frudan vururken de, \u0130\u015fgal edilen Kafr \u015euba tepelerindeki El Samaka mevkisini ve Metulla mevkii civar\u0131nda toplanan d\u00fc\u015fman askerlerini f\u00fcze silahlar\u0131yla hedef alarak do\u011frudan isabet sa\u011flad\u0131.<\/p>\n<p style=\"text-align: center;\"><strong><a href=\"https:\/\/t.me\/SuriyeArapHaberAjansI\">Telegram Kanal\u0131m\u0131z\u00a0<\/a>||<a href=\"https:\/\/twitter.com\/arap_ajans\">X Platformumuz\u00a0<\/a>||<a href=\"https:\/\/www.facebook.com\/SANAHaberAjansi\/\">Facebook Sayfam\u0131z<\/a><\/strong><\/p>\n","protected":false},"excerpt":{"rendered":"<p>BEYRUT (SANA) &#8211; L\u00fcbnan direni\u015fi, sald\u0131r\u0131 \u0130HA\u2019lar\u0131 ve Katyu\u015fa roketleriyle i\u015fgal alt\u0131ndaki Filistin&#8217;in kuzeyinde d\u00fc\u015fman \u0130srail\u2019in Liman ve Kiryat \u015emona k\u0131\u015flalar\u0131n\u0131 hedef ald\u0131 ve do\u011frudan isabetlere neden oldu. Direni\u015f bug\u00fcn yapt\u0131\u011f\u0131 a\u00e7\u0131klamada \u015funlar\u0131 s\u00f6yledi: &#8220;Gazze \u015eeridi&#8217;ndeki kararl\u0131 Filistin halk\u0131m\u0131za destek olarak, onlar\u0131n cesur ve onurlu direni\u015fine destek olarak ve d\u00fc\u015fman\u0131n Hanaviye ve Nakura kasabalar\u0131nda ger\u00e7ekle\u015ftirdi\u011fi &hellip;<\/p>\n","protected":false},"author":41,"featured_media":306400,"comment_status":"closed","ping_status":"closed","sticky":false,"template":"","format":"standard","meta":{"footnotes":""},"categories":[458,459,17988],"tags":[42108],"class_list":["post-306399","post","type-post","status-publish","format-standard","has-post-thumbnail","","category-dunya1","category-haberler-arap-uluslararasi-politika","category-son-haberler","tag-lubnan-direnisi-saldiri-ihalari-ve-fuzelerle-dusan-israilin-liman-ve-kiryat-smona-kislalarini-hedef-aldi"],"_links":{"self":[{"href":"https:\/\/archive.sana.sy\/tr\/index.php?rest_route=\/wp\/v2\/posts\/306399","targetHints":{"allow":["GET"]}}],"collection":[{"href":"https:\/\/archive.sana.sy\/tr\/index.php?rest_route=\/wp\/v2\/posts"}],"about":[{"href":"https:\/\/archive.sana.sy\/tr\/index.php?rest_route=\/wp\/v2\/types\/post"}],"author":[{"embeddable":true,"href":"https:\/\/archive.sana.sy\/tr\/index.php?rest_route=\/wp\/v2\/users\/41"}],"replies":[{"embeddable":true,"href":"https:\/\/archive.sana.sy\/tr\/index.php?rest_route=%2Fwp%2Fv2%2Fcomments&post=306399"}],"version-history":[{"count":2,"href":"https:\/\/archive.sana.sy\/tr\/index.php?rest_route=\/wp\/v2\/posts\/306399\/revisions"}],"predecessor-version":[{"id":307433,"href":"https:\/\/archive.sana.sy\/tr\/index.php?rest_route=\/wp\/v2\/posts\/306399\/revisions\/307433"}],"wp:featuredmedia":[{"embeddable":true,"href":"https:\/\/archive.sana.sy\/tr\/index.php?rest_route=\/wp\/v2\/media\/306400"}],"wp:attachment":[{"href":"https:\/\/archive.sana.sy\/tr\/index.php?rest_route=%2Fwp%2Fv2%2Fmedia&parent=306399"}],"wp:term":[{"taxonomy":"category","embeddable":true,"href":"https:\/\/archive.sana.sy\/tr\/index.php?rest_route=%2Fwp%2Fv2%2Fcategories&post=306399"},{"taxonomy":"post_tag","embeddable":true,"href":"https:\/\/archive.sana.sy\/tr\/index.php?rest_route=%2Fwp%2Fv2%2Ftags&post=306399"}],"curies":[{"name":"wp","href":"https:\/\/api.w.org\/{rel}","templated":true}]}}