{"id":306402,"date":"2024-08-10T09:02:12","date_gmt":"2024-08-10T06:02:12","guid":{"rendered":"https:\/\/sana.sy\/tr\/?p=306402"},"modified":"2024-08-11T11:31:13","modified_gmt":"2024-08-11T08:31:13","slug":"isgalin-yeni-katliaminda-100-sehit-onlarca-yarali","status":"publish","type":"post","link":"https:\/\/archive.sana.sy\/tr\/?p=306402","title":{"rendered":"\u0130\u015fgalin Yeni Katliam\u0131nda 100 \u015eehit, Onlarca Yaral\u0131"},"content":{"rendered":"<p style=\"text-align: justify;\"><strong>\u0130\u015eGAL ED\u0130LEN KUD\u00dcS (SANA) \u2013 <\/strong>Sald\u0131rganl\u0131k 309&#8217;uncu g\u00fcn\u00fcnde de devam ederken, \u0130srail i\u015fgal u\u00e7aklar\u0131n\u0131n Gazze&#8217;nin merkezindeki El Dureyc semtinde yerinden edilmi\u015f ki\u015filerin ya\u015fad\u0131\u011f\u0131 bir okulu bombalamas\u0131 sonucu 100 Filistinli \u015fehit d\u00fc\u015ft\u00fc, onlarca ki\u015fi yaraland\u0131.<\/p>\n<p style=\"text-align: justify;\">Filistinli WAFA Haber Ajans\u0131, i\u015fgal u\u00e7aklar\u0131n\u0131n Gazze \u015fehrinin merkezindeki El Dureyic semtinde yerinden edilmi\u015f ki\u015filerin bulundu\u011fu bir okulu \u00fc\u00e7ten fazla f\u00fczeyle bombalad\u0131\u011f\u0131n\u0131, bunun 100&#8217;den fazla ki\u015finin \u00f6l\u00fcm\u00fcne ve onlarca ki\u015finin yaralanmas\u0131na yol a\u00e7t\u0131\u011f\u0131n\u0131 bildirdi.<\/p>\n<p style=\"text-align: center;\"><strong><a href=\"https:\/\/t.me\/SuriyeArapHaberAjansI\">Telegram Kanal\u0131m\u0131z\u00a0<\/a>||<a href=\"https:\/\/twitter.com\/arap_ajans\">X Platformumuz\u00a0<\/a>||<a href=\"https:\/\/www.facebook.com\/SANAHaberAjansi\/\">Facebook Sayfam\u0131z<\/a><\/strong><\/p>\n","protected":false},"excerpt":{"rendered":"<p>\u0130\u015eGAL ED\u0130LEN KUD\u00dcS (SANA) \u2013 Sald\u0131rganl\u0131k 309&#8217;uncu g\u00fcn\u00fcnde de devam ederken, \u0130srail i\u015fgal u\u00e7aklar\u0131n\u0131n Gazze&#8217;nin merkezindeki El Dureyc semtinde yerinden edilmi\u015f ki\u015filerin ya\u015fad\u0131\u011f\u0131 bir okulu bombalamas\u0131 sonucu 100 Filistinli \u015fehit d\u00fc\u015ft\u00fc, onlarca ki\u015fi yaraland\u0131. Filistinli WAFA Haber Ajans\u0131, i\u015fgal u\u00e7aklar\u0131n\u0131n Gazze \u015fehrinin merkezindeki El Dureyic semtinde yerinden edilmi\u015f ki\u015filerin bulundu\u011fu bir okulu \u00fc\u00e7ten fazla f\u00fczeyle &hellip;<\/p>\n","protected":false},"author":36,"featured_media":306403,"comment_status":"closed","ping_status":"closed","sticky":false,"template":"","format":"standard","meta":{"footnotes":""},"categories":[458,459,17988],"tags":[40122],"class_list":["post-306402","post","type-post","status-publish","format-standard","has-post-thumbnail","","category-dunya1","category-haberler-arap-uluslararasi-politika","category-son-haberler","tag-gazzede-son-durum"],"_links":{"self":[{"href":"https:\/\/archive.sana.sy\/tr\/index.php?rest_route=\/wp\/v2\/posts\/306402","targetHints":{"allow":["GET"]}}],"collection":[{"href":"https:\/\/archive.sana.sy\/tr\/index.php?rest_route=\/wp\/v2\/posts"}],"about":[{"href":"https:\/\/archive.sana.sy\/tr\/index.php?rest_route=\/wp\/v2\/types\/post"}],"author":[{"embeddable":true,"href":"https:\/\/archive.sana.sy\/tr\/index.php?rest_route=\/wp\/v2\/users\/36"}],"replies":[{"embeddable":true,"href":"https:\/\/archive.sana.sy\/tr\/index.php?rest_route=%2Fwp%2Fv2%2Fcomments&post=306402"}],"version-history":[{"count":3,"href":"https:\/\/archive.sana.sy\/tr\/index.php?rest_route=\/wp\/v2\/posts\/306402\/revisions"}],"predecessor-version":[{"id":306428,"href":"https:\/\/archive.sana.sy\/tr\/index.php?rest_route=\/wp\/v2\/posts\/306402\/revisions\/306428"}],"wp:featuredmedia":[{"embeddable":true,"href":"https:\/\/archive.sana.sy\/tr\/index.php?rest_route=\/wp\/v2\/media\/306403"}],"wp:attachment":[{"href":"https:\/\/archive.sana.sy\/tr\/index.php?rest_route=%2Fwp%2Fv2%2Fmedia&parent=306402"}],"wp:term":[{"taxonomy":"category","embeddable":true,"href":"https:\/\/archive.sana.sy\/tr\/index.php?rest_route=%2Fwp%2Fv2%2Fcategories&post=306402"},{"taxonomy":"post_tag","embeddable":true,"href":"https:\/\/archive.sana.sy\/tr\/index.php?rest_route=%2Fwp%2Fv2%2Ftags&post=306402"}],"curies":[{"name":"wp","href":"https:\/\/api.w.org\/{rel}","templated":true}]}}