{"id":306412,"date":"2024-08-10T16:17:49","date_gmt":"2024-08-10T13:17:49","guid":{"rendered":"https:\/\/sana.sy\/tr\/?p=306412"},"modified":"2024-08-12T09:56:25","modified_gmt":"2024-08-12T06:56:25","slug":"ordu-halep-idlib-ve-hama-kirsalinda-teroru-kokunden-yok-etme-operasyonlarini-surduruyor","status":"publish","type":"post","link":"https:\/\/archive.sana.sy\/tr\/?p=306412","title":{"rendered":"Ordu Halep, \u0130dlib Ve Hama K\u0131rsal\u0131nda Ter\u00f6r\u00fc K\u00f6k\u00fcnden Yok Etme Operasyonlar\u0131n\u0131 S\u00fcrd\u00fcr\u00fcyor"},"content":{"rendered":"<p style=\"text-align: justify;\"><strong>\u015eAM (SANA)<\/strong> &#8211; \u00a0Suriye Arap Ordusu birlikleri Halep, \u0130dlib ve Hama k\u0131rsal\u0131nda \u00e7ok say\u0131da ter\u00f6risti \u00f6ld\u00fcrd\u00fc veya yaralad\u0131, z\u0131r\u0131hl\u0131 ara\u00e7lar\u0131n\u0131 ve \u00e7ok say\u0131da insans\u0131z hava arac\u0131n\u0131 hedeflerine ula\u015famadan da imha etti.<\/p>\n<p style=\"text-align: justify;\">Savunma Bakanl\u0131\u011f\u0131 bug\u00fcn yapt\u0131\u011f\u0131 a\u00e7\u0131klamada,\u00a0 &#8220;Ter\u00f6r hareketlerinin ve bulunduklar\u0131 yerlerin titizlikle izlenmesi ve takibi sonucunda, Halep&#8217;in bat\u0131 k\u0131rsal\u0131na do\u011fru hareket eden silahl\u0131 kuvvetlerimize ait bir birlik, askeri \u00fcslerimize sald\u0131r\u0131 haz\u0131rl\u0131\u011f\u0131 yapmak \u00fczere topland\u0131\u011f\u0131 s\u0131rada Tadil ve Kafarama k\u00f6ylerindeki ter\u00f6r karargahlar\u0131n\u0131 hedef ald\u0131. Bu da \u00e7ok say\u0131da ter\u00e7ristin \u00f6l\u00fcm\u00fcne ve yaralanmas\u0131na yol a\u00e7t\u0131\u201d dedi.<\/p>\n<p style=\"text-align: justify;\">A\u00e7\u0131klamada \u015funlar kaydedildi: &#8220;\u0130dlib k\u0131rsal\u0131 istikametinde faaliyet g\u00f6steren birliklerimiz, \u00e7ok say\u0131da intihar \u0130HA&#8217;s\u0131yla ter\u00f6r sald\u0131r\u0131s\u0131na\u00a0 \u200b\u200bkar\u015f\u0131l\u0131k vererek, 5 \u0130HA&#8217;s\u0131n\u0131 imha ederek hedeflerine ula\u015fmalar\u0131n\u0131 engellemeyi ba\u015fard\u0131.&#8221;<\/p>\n<p style=\"text-align: justify;\">Bakanl\u0131\u011f\u0131n a\u00e7\u0131klamas\u0131nda da \u015fu ifadelere yer verildi: &#8220;Hama&#8217;n\u0131n kuzey k\u0131rsal\u0131na do\u011fru hareket eden birliklerimiz \u00e7ok say\u0131da ter\u00f6r z\u0131r\u0131hl\u0131 arac\u0131n\u0131 hedef alm\u0131\u015f, bu ara\u00e7 ve ara\u00e7lar\u0131n tamamen imha edilmesine, i\u00e7indekilerin \u00f6l\u00fcm\u00fcne ve yaralanmas\u0131na yol a\u00e7m\u0131\u015ft\u0131r.&#8221;<\/p>\n<div id='gallery-1' class='gallery galleryid-306412 gallery-columns-2 gallery-size-full'><figure class='gallery-item'>\n\t\t\t<div class='gallery-icon landscape'>\n\t\t\t\t<a href='https:\/\/archive.sana.sy\/tr\/wp-content\/uploads\/2024\/08\/2-4.jpg'><img loading=\"lazy\" decoding=\"async\" width=\"660\" height=\"447\" src=\"https:\/\/archive.sana.sy\/tr\/wp-content\/uploads\/2024\/08\/2-4.jpg\" class=\"attachment-full size-full\" alt=\"\" srcset=\"https:\/\/archive.sana.sy\/tr\/wp-content\/uploads\/2024\/08\/2-4.jpg 660w, https:\/\/archive.sana.sy\/tr\/wp-content\/uploads\/2024\/08\/2-4-300x203.jpg 300w, https:\/\/archive.sana.sy\/tr\/wp-content\/uploads\/2024\/08\/2-4-110x75.jpg 110w\" sizes=\"auto, (max-width: 660px) 100vw, 660px\" \/><\/a>\n\t\t\t<\/div><\/figure><figure class='gallery-item'>\n\t\t\t<div class='gallery-icon landscape'>\n\t\t\t\t<a href='https:\/\/archive.sana.sy\/tr\/wp-content\/uploads\/2024\/08\/3-2.jpg'><img loading=\"lazy\" decoding=\"async\" width=\"660\" height=\"425\" src=\"https:\/\/archive.sana.sy\/tr\/wp-content\/uploads\/2024\/08\/3-2.jpg\" class=\"attachment-full size-full\" alt=\"\" srcset=\"https:\/\/archive.sana.sy\/tr\/wp-content\/uploads\/2024\/08\/3-2.jpg 660w, https:\/\/archive.sana.sy\/tr\/wp-content\/uploads\/2024\/08\/3-2-300x193.jpg 300w\" sizes=\"auto, (max-width: 660px) 100vw, 660px\" \/><\/a>\n\t\t\t<\/div><\/figure><figure class='gallery-item'>\n\t\t\t<div class='gallery-icon landscape'>\n\t\t\t\t<a href='https:\/\/archive.sana.sy\/tr\/wp-content\/uploads\/2024\/08\/8.jpg'><img loading=\"lazy\" decoding=\"async\" width=\"660\" height=\"425\" src=\"https:\/\/archive.sana.sy\/tr\/wp-content\/uploads\/2024\/08\/8.jpg\" class=\"attachment-full size-full\" alt=\"\" srcset=\"https:\/\/archive.sana.sy\/tr\/wp-content\/uploads\/2024\/08\/8.jpg 660w, https:\/\/archive.sana.sy\/tr\/wp-content\/uploads\/2024\/08\/8-300x193.jpg 300w\" sizes=\"auto, (max-width: 660px) 100vw, 660px\" \/><\/a>\n\t\t\t<\/div><\/figure><figure class='gallery-item'>\n\t\t\t<div class='gallery-icon landscape'>\n\t\t\t\t<a href='https:\/\/archive.sana.sy\/tr\/wp-content\/uploads\/2024\/08\/1-7.jpg'><img loading=\"lazy\" decoding=\"async\" width=\"660\" height=\"381\" src=\"https:\/\/archive.sana.sy\/tr\/wp-content\/uploads\/2024\/08\/1-7.jpg\" class=\"attachment-full size-full\" alt=\"\" srcset=\"https:\/\/archive.sana.sy\/tr\/wp-content\/uploads\/2024\/08\/1-7.jpg 660w, https:\/\/archive.sana.sy\/tr\/wp-content\/uploads\/2024\/08\/1-7-300x173.jpg 300w\" sizes=\"auto, (max-width: 660px) 100vw, 660px\" \/><\/a>\n\t\t\t<\/div><\/figure><figure class='gallery-item'>\n\t\t\t<div class='gallery-icon landscape'>\n\t\t\t\t<a href='https:\/\/archive.sana.sy\/tr\/wp-content\/uploads\/2024\/08\/4.jpg'><img loading=\"lazy\" decoding=\"async\" width=\"660\" height=\"390\" src=\"https:\/\/archive.sana.sy\/tr\/wp-content\/uploads\/2024\/08\/4.jpg\" class=\"attachment-full size-full\" alt=\"\" srcset=\"https:\/\/archive.sana.sy\/tr\/wp-content\/uploads\/2024\/08\/4.jpg 660w, https:\/\/archive.sana.sy\/tr\/wp-content\/uploads\/2024\/08\/4-300x177.jpg 300w\" sizes=\"auto, (max-width: 660px) 100vw, 660px\" \/><\/a>\n\t\t\t<\/div><\/figure><figure class='gallery-item'>\n\t\t\t<div class='gallery-icon portrait'>\n\t\t\t\t<a href='https:\/\/archive.sana.sy\/tr\/wp-content\/uploads\/2024\/08\/7.jpg'><img loading=\"lazy\" decoding=\"async\" width=\"660\" height=\"998\" src=\"https:\/\/archive.sana.sy\/tr\/wp-content\/uploads\/2024\/08\/7.jpg\" class=\"attachment-full size-full\" alt=\"\" srcset=\"https:\/\/archive.sana.sy\/tr\/wp-content\/uploads\/2024\/08\/7.jpg 660w, https:\/\/archive.sana.sy\/tr\/wp-content\/uploads\/2024\/08\/7-198x300.jpg 198w\" sizes=\"auto, (max-width: 660px) 100vw, 660px\" \/><\/a>\n\t\t\t<\/div><\/figure><figure class='gallery-item'>\n\t\t\t<div class='gallery-icon portrait'>\n\t\t\t\t<a href='https:\/\/archive.sana.sy\/tr\/wp-content\/uploads\/2024\/08\/5.jpg'><img loading=\"lazy\" decoding=\"async\" width=\"660\" height=\"880\" src=\"https:\/\/archive.sana.sy\/tr\/wp-content\/uploads\/2024\/08\/5.jpg\" class=\"attachment-full size-full\" alt=\"\" srcset=\"https:\/\/archive.sana.sy\/tr\/wp-content\/uploads\/2024\/08\/5.jpg 660w, https:\/\/archive.sana.sy\/tr\/wp-content\/uploads\/2024\/08\/5-225x300.jpg 225w\" sizes=\"auto, (max-width: 660px) 100vw, 660px\" \/><\/a>\n\t\t\t<\/div><\/figure><figure class='gallery-item'>\n\t\t\t<div class='gallery-icon landscape'>\n\t\t\t\t<a href='https:\/\/archive.sana.sy\/tr\/wp-content\/uploads\/2024\/08\/6.jpg'><img loading=\"lazy\" decoding=\"async\" width=\"660\" height=\"495\" src=\"https:\/\/archive.sana.sy\/tr\/wp-content\/uploads\/2024\/08\/6.jpg\" class=\"attachment-full size-full\" alt=\"\" srcset=\"https:\/\/archive.sana.sy\/tr\/wp-content\/uploads\/2024\/08\/6.jpg 660w, https:\/\/archive.sana.sy\/tr\/wp-content\/uploads\/2024\/08\/6-300x225.jpg 300w\" sizes=\"auto, (max-width: 660px) 100vw, 660px\" \/><\/a>\n\t\t\t<\/div><\/figure>\n\t\t<\/div>\n\n<p style=\"text-align: center;\"><strong><a href=\"https:\/\/t.me\/SuriyeArapHaberAjansI\">Telegram Kanal\u0131m\u0131z\u00a0<\/a>||<a href=\"https:\/\/twitter.com\/arap_ajans\">X Platformumuz\u00a0<\/a>||<a href=\"https:\/\/www.facebook.com\/SANAHaberAjansi\/\">Facebook Sayfam\u0131z<\/a><\/strong><\/p>\n","protected":false},"excerpt":{"rendered":"<p>\u015eAM (SANA) &#8211; \u00a0Suriye Arap Ordusu birlikleri Halep, \u0130dlib ve Hama k\u0131rsal\u0131nda \u00e7ok say\u0131da ter\u00f6risti \u00f6ld\u00fcrd\u00fc veya yaralad\u0131, z\u0131r\u0131hl\u0131 ara\u00e7lar\u0131n\u0131 ve \u00e7ok say\u0131da insans\u0131z hava arac\u0131n\u0131 hedeflerine ula\u015famadan da imha etti. Savunma Bakanl\u0131\u011f\u0131 bug\u00fcn yapt\u0131\u011f\u0131 a\u00e7\u0131klamada,\u00a0 &#8220;Ter\u00f6r hareketlerinin ve bulunduklar\u0131 yerlerin titizlikle izlenmesi ve takibi sonucunda, Halep&#8217;in bat\u0131 k\u0131rsal\u0131na do\u011fru hareket eden silahl\u0131 kuvvetlerimize ait &hellip;<\/p>\n","protected":false},"author":41,"featured_media":306413,"comment_status":"closed","ping_status":"closed","sticky":false,"template":"","format":"standard","meta":{"footnotes":""},"categories":[596,479,575,17988,478],"tags":[],"class_list":["post-306412","post","type-post","status-publish","format-standard","has-post-thumbnail","","category-fotografli-raporlar","category-haberler-yerel","category-olaylar-ve-gercekler","category-son-haberler","category-yerel"],"_links":{"self":[{"href":"https:\/\/archive.sana.sy\/tr\/index.php?rest_route=\/wp\/v2\/posts\/306412","targetHints":{"allow":["GET"]}}],"collection":[{"href":"https:\/\/archive.sana.sy\/tr\/index.php?rest_route=\/wp\/v2\/posts"}],"about":[{"href":"https:\/\/archive.sana.sy\/tr\/index.php?rest_route=\/wp\/v2\/types\/post"}],"author":[{"embeddable":true,"href":"https:\/\/archive.sana.sy\/tr\/index.php?rest_route=\/wp\/v2\/users\/41"}],"replies":[{"embeddable":true,"href":"https:\/\/archive.sana.sy\/tr\/index.php?rest_route=%2Fwp%2Fv2%2Fcomments&post=306412"}],"version-history":[{"count":3,"href":"https:\/\/archive.sana.sy\/tr\/index.php?rest_route=\/wp\/v2\/posts\/306412\/revisions"}],"predecessor-version":[{"id":306539,"href":"https:\/\/archive.sana.sy\/tr\/index.php?rest_route=\/wp\/v2\/posts\/306412\/revisions\/306539"}],"wp:featuredmedia":[{"embeddable":true,"href":"https:\/\/archive.sana.sy\/tr\/index.php?rest_route=\/wp\/v2\/media\/306413"}],"wp:attachment":[{"href":"https:\/\/archive.sana.sy\/tr\/index.php?rest_route=%2Fwp%2Fv2%2Fmedia&parent=306412"}],"wp:term":[{"taxonomy":"category","embeddable":true,"href":"https:\/\/archive.sana.sy\/tr\/index.php?rest_route=%2Fwp%2Fv2%2Fcategories&post=306412"},{"taxonomy":"post_tag","embeddable":true,"href":"https:\/\/archive.sana.sy\/tr\/index.php?rest_route=%2Fwp%2Fv2%2Ftags&post=306412"}],"curies":[{"name":"wp","href":"https:\/\/api.w.org\/{rel}","templated":true}]}}