{"id":306437,"date":"2024-08-10T04:40:56","date_gmt":"2024-08-10T01:40:56","guid":{"rendered":"https:\/\/sana.sy\/tr\/?p=306437"},"modified":"2024-08-11T11:31:07","modified_gmt":"2024-08-11T08:31:07","slug":"israilin-mecdel-salama-duzenledigi-hava-saldirisi-sonucu-bir-lubnan-vatandasi-ve-bir-saglik-gorevlisi-yaralandi","status":"publish","type":"post","link":"https:\/\/archive.sana.sy\/tr\/?p=306437","title":{"rendered":"\u0130srail&#8217;in Mecdel Salam&#8217;a D\u00fczenledi\u011fi Hava Sald\u0131r\u0131s\u0131 Sonucu Bir L\u00fcbnan Vatanda\u015f\u0131 Ve Bir Sa\u011fl\u0131k G\u00f6revlisi Yaraland\u0131"},"content":{"rendered":"<p style=\"text-align: justify;\"><strong>BEYRUT (SANA) &#8211;<\/strong>\u00a0 \u0130srail d\u00fc\u015fman u\u00e7aklar\u0131n\u0131n L\u00fcbnan&#8217;\u0131n g\u00fcneyindeki Mecdel Salam kasabas\u0131na d\u00fczenledi\u011fi bask\u0131n sonucu bir L\u00fcbnan vatanda\u015f\u0131 ve bir sa\u011fl\u0131k g\u00f6revlisi yaraland\u0131.<\/p>\n<p style=\"text-align: justify;\">L\u00fcbnan Ulusal Haber Ajans\u0131, Halk Sa\u011fl\u0131\u011f\u0131 Bakanl\u0131\u011f\u0131 Sa\u011fl\u0131k Acil Durum Operasyon Merkezi&#8217;nin \u015fu s\u00f6zlerini aktard\u0131: &#8220;\u0130srail&#8217;in Mecdel Salam kasabas\u0131na d\u00fczenledi\u011fi ikinci d\u00fc\u015fman sald\u0131r\u0131s\u0131, bir vatanda\u015f\u0131n yaralanmas\u0131yla sonu\u00e7land\u0131, ayr\u0131ca\u00a0 El Resala \u0130zcilerindeki bir sa\u011fl\u0131k g\u00f6revlisinin de insani g\u00f6revini yerine getirirken yaralanmas\u0131yla sonu\u00e7land\u0131.&#8221;<\/p>\n<p style=\"text-align: justify;\">A\u00e7\u0131klamada, iki yaral\u0131n\u0131n tedavi edilmek \u00fczere hastaneye kald\u0131r\u0131ld\u0131\u011f\u0131 belirtildi.<\/p>\n<p style=\"text-align: center;\"><strong><a href=\"https:\/\/t.me\/SuriyeArapHaberAjansI\">Telegram Kanal\u0131m\u0131z\u00a0<\/a>||<a href=\"https:\/\/twitter.com\/arap_ajans\">X Platformumuz\u00a0<\/a>||<a href=\"https:\/\/www.facebook.com\/SANAHaberAjansi\/\">Facebook Sayfam\u0131z<\/a><\/strong><\/p>\n","protected":false},"excerpt":{"rendered":"<p>BEYRUT (SANA) &#8211;\u00a0 \u0130srail d\u00fc\u015fman u\u00e7aklar\u0131n\u0131n L\u00fcbnan&#8217;\u0131n g\u00fcneyindeki Mecdel Salam kasabas\u0131na d\u00fczenledi\u011fi bask\u0131n sonucu bir L\u00fcbnan vatanda\u015f\u0131 ve bir sa\u011fl\u0131k g\u00f6revlisi yaraland\u0131. L\u00fcbnan Ulusal Haber Ajans\u0131, Halk Sa\u011fl\u0131\u011f\u0131 Bakanl\u0131\u011f\u0131 Sa\u011fl\u0131k Acil Durum Operasyon Merkezi&#8217;nin \u015fu s\u00f6zlerini aktard\u0131: &#8220;\u0130srail&#8217;in Mecdel Salam kasabas\u0131na d\u00fczenledi\u011fi ikinci d\u00fc\u015fman sald\u0131r\u0131s\u0131, bir vatanda\u015f\u0131n yaralanmas\u0131yla sonu\u00e7land\u0131, ayr\u0131ca\u00a0 El Resala \u0130zcilerindeki bir sa\u011fl\u0131k &hellip;<\/p>\n","protected":false},"author":41,"featured_media":306438,"comment_status":"closed","ping_status":"closed","sticky":false,"template":"","format":"standard","meta":{"footnotes":""},"categories":[458,459,17988],"tags":[],"class_list":["post-306437","post","type-post","status-publish","format-standard","has-post-thumbnail","","category-dunya1","category-haberler-arap-uluslararasi-politika","category-son-haberler"],"_links":{"self":[{"href":"https:\/\/archive.sana.sy\/tr\/index.php?rest_route=\/wp\/v2\/posts\/306437","targetHints":{"allow":["GET"]}}],"collection":[{"href":"https:\/\/archive.sana.sy\/tr\/index.php?rest_route=\/wp\/v2\/posts"}],"about":[{"href":"https:\/\/archive.sana.sy\/tr\/index.php?rest_route=\/wp\/v2\/types\/post"}],"author":[{"embeddable":true,"href":"https:\/\/archive.sana.sy\/tr\/index.php?rest_route=\/wp\/v2\/users\/41"}],"replies":[{"embeddable":true,"href":"https:\/\/archive.sana.sy\/tr\/index.php?rest_route=%2Fwp%2Fv2%2Fcomments&post=306437"}],"version-history":[{"count":1,"href":"https:\/\/archive.sana.sy\/tr\/index.php?rest_route=\/wp\/v2\/posts\/306437\/revisions"}],"predecessor-version":[{"id":306439,"href":"https:\/\/archive.sana.sy\/tr\/index.php?rest_route=\/wp\/v2\/posts\/306437\/revisions\/306439"}],"wp:featuredmedia":[{"embeddable":true,"href":"https:\/\/archive.sana.sy\/tr\/index.php?rest_route=\/wp\/v2\/media\/306438"}],"wp:attachment":[{"href":"https:\/\/archive.sana.sy\/tr\/index.php?rest_route=%2Fwp%2Fv2%2Fmedia&parent=306437"}],"wp:term":[{"taxonomy":"category","embeddable":true,"href":"https:\/\/archive.sana.sy\/tr\/index.php?rest_route=%2Fwp%2Fv2%2Fcategories&post=306437"},{"taxonomy":"post_tag","embeddable":true,"href":"https:\/\/archive.sana.sy\/tr\/index.php?rest_route=%2Fwp%2Fv2%2Ftags&post=306437"}],"curies":[{"name":"wp","href":"https:\/\/api.w.org\/{rel}","templated":true}]}}