{"id":306448,"date":"2024-08-10T19:26:57","date_gmt":"2024-08-10T16:26:57","guid":{"rendered":"https:\/\/sana.sy\/tr\/?p=306448"},"modified":"2024-08-12T09:57:35","modified_gmt":"2024-08-12T06:57:35","slug":"suriye-amerikan-isgal-guclerinin-topraklarindan-cekilmesi-talebini-yineledi","status":"publish","type":"post","link":"https:\/\/archive.sana.sy\/tr\/?p=306448","title":{"rendered":"Suriye, Amerikan \u0130\u015fgal G\u00fc\u00e7lerinin Topraklar\u0131ndan \u00c7ekilmesi Talebini Yineledi"},"content":{"rendered":"<p style=\"text-align: justify;\"><strong>\u015eAM (SANA)<\/strong> \u2013 Suriye, ABD&#8217;nin kendi topraklar\u0131n\u0131n bir k\u0131sm\u0131n\u0131 i\u015fgal etmesinin egemenli\u011finin, birli\u011finin ve toprak b\u00fct\u00fcnl\u00fc\u011f\u00fcn\u00fcn bariz bir ihlali anlam\u0131na geldi\u011fini ve ABD&#8217;nin ayr\u0131l\u0131k\u00e7\u0131 \u2018\u2019SDG\u2019\u2019 milislerine verdi\u011fi deste\u011fin Suriye kar\u015f\u0131t\u0131 planlar\u0131n\u0131 uygulamak i\u00e7in ucuz bir ara\u00e7 te\u015fkil etti\u011fini yineleyerek, ABD&#8217;ye bu uygulamalar\u0131 durdurmas\u0131, topraklar\u0131ndan derhal \u00e7ekilmesi ve b\u00f6ylesi ayr\u0131l\u0131k\u00e7\u0131 bir milis g\u00fcc\u00fcn\u00fcn varl\u0131\u011f\u0131n\u0131 ve rol\u00fcn\u00fc reddeden Suriyelilerin iradesine sayg\u0131 duymas\u0131 \u00e7a\u011fr\u0131s\u0131nda bulunuldu.<\/p>\n<p style=\"text-align: justify;\">D\u0131\u015fi\u015fleri ve Gurbe\u00e7iler Bakanl\u0131\u011f\u0131\u2019n\u0131n bir n\u00fcshas\u0131 SANA\u2019ya ula\u015ft\u0131\u011f\u0131 a\u00e7\u0131klamas\u0131nda \u015fu ifadelere yer veridli: \u2018\u2019Amerikan i\u015fgaline ba\u011fl\u0131 s\u00f6zde &#8220;SDG&#8221; g\u00fc\u00e7leri, do\u011fu ve kuzeydo\u011fu b\u00f6lgelerindeki k\u00f6ylerin yan\u0131 s\u0131ra Deyrezzor, Haseke ve Kam\u0131\u015fl\u0131&#8217;da da halk\u0131m\u0131za y\u00f6nelik canice sald\u0131r\u0131lar d\u00fczenledi. Bu barbarca sald\u0131r\u0131lar, aralar\u0131nda kad\u0131n ve \u00e7ocuklar\u0131n da bulundu\u011fu \u00e7ok say\u0131da Suriye vatanda\u015f\u0131n\u0131n \u015fehit olmas\u0131na yol a\u00e7t\u0131. ABD sava\u015f u\u00e7aklar\u0131 ayr\u0131ca ailelerini, k\u00f6ylerini ve m\u00fclklerini savunan masum sivilleri hedef alan \u00e7ok say\u0131da bask\u0131n d\u00fczenleyerek \u2018\u2019SDG\u2019\u2019 milislerine destek verdi.\u2019\u2019<\/p>\n<p style=\"text-align: justify;\">Bakanl\u0131k a\u00e7\u0131klamas\u0131nda, \u2018\u2019 Suriye Arap Cumhuriyeti, Amerika&#8217;n\u0131n Suriye topraklar\u0131n\u0131n bir b\u00f6l\u00fcm\u00fcn\u00fc i\u015fgal etmesinin Suriye&#8217;nin egemenli\u011finin, birli\u011finin ve toprak b\u00fct\u00fcnl\u00fc\u011f\u00fcn\u00fcn a\u00e7\u0131k bir ihlali anlam\u0131na geldi\u011fini bir kez daha teyit ediyor \u00a0ve Amerika&#8217;n\u0131n operasyonel ayr\u0131l\u0131k\u00e7\u0131 milislere verdi\u011fi deste\u011fin, Suriye kar\u015f\u0131t\u0131 planlar\u0131n\u0131 uygulamak i\u00e7in ucuz bir ara\u00e7 oldu\u011funu vurguluyor\u2019\u2019 ifadelerini kulland\u0131.<\/p>\n<p style=\"text-align: justify;\">Bakanl\u0131k ayr\u0131ca, Suriye\u2019nin, g\u0131da ve i\u00e7me suyuna eri\u015fimin engellenmesi de dahil olmak \u00fczere do\u011fu ve kuzeydo\u011fu b\u00f6lgelerindeki halk\u0131na y\u00f6nelik t\u00fcm bu insanl\u0131k d\u0131\u015f\u0131 ve ahlak d\u0131\u015f\u0131 uygulamalar\u0131n, Suriyelilerin ac\u0131lar\u0131n\u0131 ikiye katlamay\u0131 ve onlara kar\u015f\u0131 sava\u015f\u0131 uzatmay\u0131 ama\u00e7lad\u0131\u011f\u0131n\u0131n alt\u0131n\u0131 \u00e7izdi\u011fini kaydetti.<\/p>\n<p style=\"text-align: justify;\">\u2018\u2019Suriye, Amerika Birle\u015fik Devletleri&#8217;nin bu uygulamalar\u0131 durdurmas\u0131n\u0131, derhal Suriye topraklar\u0131ndan \u00e7ekilmesini ve bu t\u00fcr b\u00f6l\u00fcc\u00fc milislerin varl\u0131\u011f\u0131n\u0131 ve rol\u00fcn\u00fc reddeden Suriyelilerin iradesine sayg\u0131 duymas\u0131n\u0131 talep ediyor\u2019\u2019 a\u00e7\u0131klamas\u0131nda diyen bakanl\u0131k, \u2018\u2019Suriye ayr\u0131ca, ne kadar fedakarl\u0131k yap\u0131l\u0131rsa yap\u0131ls\u0131n, halk\u0131n\u0131n topraklar\u0131n\u0131 \u00f6zg\u00fcrle\u015ftirme ve egemenliklerini koruma iradesinin ger\u00e7ekle\u015fece\u011fini, bu milislerin ter\u00f6r ve su\u00e7lar\u0131n\u0131n cayd\u0131r\u0131lmayaca\u011f\u0131n\u0131 da teyit ediyor\u2019\u2019 ifadelerini s\u00f6zlerine ekledi.<\/p>\n<p style=\"text-align: center;\"><strong><a href=\"https:\/\/t.me\/SuriyeArapHaberAjansI\">Telegram Kanal\u0131m\u0131z\u00a0<\/a>||<a href=\"https:\/\/twitter.com\/arap_ajans\">X Platformumuz\u00a0<\/a>||<a href=\"https:\/\/www.facebook.com\/SANAHaberAjansi\/\">Facebook Sayfam\u0131z<\/a><\/strong><\/p>\n","protected":false},"excerpt":{"rendered":"<p>\u015eAM (SANA) \u2013 Suriye, ABD&#8217;nin kendi topraklar\u0131n\u0131n bir k\u0131sm\u0131n\u0131 i\u015fgal etmesinin egemenli\u011finin, birli\u011finin ve toprak b\u00fct\u00fcnl\u00fc\u011f\u00fcn\u00fcn bariz bir ihlali anlam\u0131na geldi\u011fini ve ABD&#8217;nin ayr\u0131l\u0131k\u00e7\u0131 \u2018\u2019SDG\u2019\u2019 milislerine verdi\u011fi deste\u011fin Suriye kar\u015f\u0131t\u0131 planlar\u0131n\u0131 uygulamak i\u00e7in ucuz bir ara\u00e7 te\u015fkil etti\u011fini yineleyerek, ABD&#8217;ye bu uygulamalar\u0131 durdurmas\u0131, topraklar\u0131ndan derhal \u00e7ekilmesi ve b\u00f6ylesi ayr\u0131l\u0131k\u00e7\u0131 bir milis g\u00fcc\u00fcn\u00fcn varl\u0131\u011f\u0131n\u0131 ve rol\u00fcn\u00fc &hellip;<\/p>\n","protected":false},"author":41,"featured_media":306449,"comment_status":"closed","ping_status":"closed","sticky":false,"template":"","format":"standard","meta":{"footnotes":""},"categories":[479,17988,478],"tags":[],"class_list":["post-306448","post","type-post","status-publish","format-standard","has-post-thumbnail","","category-haberler-yerel","category-son-haberler","category-yerel"],"_links":{"self":[{"href":"https:\/\/archive.sana.sy\/tr\/index.php?rest_route=\/wp\/v2\/posts\/306448","targetHints":{"allow":["GET"]}}],"collection":[{"href":"https:\/\/archive.sana.sy\/tr\/index.php?rest_route=\/wp\/v2\/posts"}],"about":[{"href":"https:\/\/archive.sana.sy\/tr\/index.php?rest_route=\/wp\/v2\/types\/post"}],"author":[{"embeddable":true,"href":"https:\/\/archive.sana.sy\/tr\/index.php?rest_route=\/wp\/v2\/users\/41"}],"replies":[{"embeddable":true,"href":"https:\/\/archive.sana.sy\/tr\/index.php?rest_route=%2Fwp%2Fv2%2Fcomments&post=306448"}],"version-history":[{"count":1,"href":"https:\/\/archive.sana.sy\/tr\/index.php?rest_route=\/wp\/v2\/posts\/306448\/revisions"}],"predecessor-version":[{"id":306450,"href":"https:\/\/archive.sana.sy\/tr\/index.php?rest_route=\/wp\/v2\/posts\/306448\/revisions\/306450"}],"wp:featuredmedia":[{"embeddable":true,"href":"https:\/\/archive.sana.sy\/tr\/index.php?rest_route=\/wp\/v2\/media\/306449"}],"wp:attachment":[{"href":"https:\/\/archive.sana.sy\/tr\/index.php?rest_route=%2Fwp%2Fv2%2Fmedia&parent=306448"}],"wp:term":[{"taxonomy":"category","embeddable":true,"href":"https:\/\/archive.sana.sy\/tr\/index.php?rest_route=%2Fwp%2Fv2%2Fcategories&post=306448"},{"taxonomy":"post_tag","embeddable":true,"href":"https:\/\/archive.sana.sy\/tr\/index.php?rest_route=%2Fwp%2Fv2%2Ftags&post=306448"}],"curies":[{"name":"wp","href":"https:\/\/api.w.org\/{rel}","templated":true}]}}