{"id":306451,"date":"2024-08-11T08:56:28","date_gmt":"2024-08-11T05:56:28","guid":{"rendered":"https:\/\/sana.sy\/tr\/?p=306451"},"modified":"2024-08-15T13:15:14","modified_gmt":"2024-08-15T10:15:14","slug":"suriyede-bir-ilk-petrol-bakani-homs-rafinerisindeki-endustriyel-gresler-uretim-hattinin-acilisini-yapti","status":"publish","type":"post","link":"https:\/\/archive.sana.sy\/tr\/?p=306451","title":{"rendered":"Suriye&#8217;de Bir \u0130lk&#8230; Petrol Bakan\u0131 Homs Rafinerisindeki End\u00fcstriyel Gresler \u00dcretim Hatt\u0131n\u0131n A\u00e7\u0131l\u0131\u015f\u0131n\u0131 Yapt\u0131"},"content":{"rendered":"<p style=\"text-align: justify;\"><strong>HOMS (SANA) \u2013<\/strong> Petrol ve Maden Kaynaklar\u0131 Bakan\u0131 Firas Kaddur, Homs rafinerisinde y\u0131ll\u0131k 1.500 ton \u00fcretim kapasiteli end\u00fcstriyel gresler \u00fcretim hatt\u0131n\u0131n a\u00e7\u0131l\u0131\u015f\u0131n\u0131 yapt\u0131.<\/p>\n<p style=\"text-align: justify;\"><img loading=\"lazy\" decoding=\"async\" class=\"size-medium wp-image-306454 alignright\" src=\"http:\/\/sana.sy\/tr\/wp-content\/uploads\/2024\/08\/1-copy-4-300x195.jpg\" alt=\"\" width=\"300\" height=\"195\" srcset=\"https:\/\/archive.sana.sy\/tr\/wp-content\/uploads\/2024\/08\/1-copy-4-300x195.jpg 300w, https:\/\/archive.sana.sy\/tr\/wp-content\/uploads\/2024\/08\/1-copy-4.jpg 660w\" sizes=\"auto, (max-width: 300px) 100vw, 300px\" \/>Suriye&#8217;de t\u00fcr\u00fcn\u00fcn ilk end\u00fcstriyel gresler \u00fcretim hatt\u0131 olup, her t\u00fcrl\u00fc end\u00fcstriyel gresin &#8220;kalsiyum, sodyum, lityum, grafit ve termal gresler&#8221; uluslararas\u0131 ve Suriye standart spesifikasyonlar\u0131na g\u00f6re ve ithal olanlara g\u00f6re ekonomik fiyatlarla sa\u011flamay\u0131 hedefliyor.<\/p>\n<p style=\"text-align: justify;\">Petrol Bakan\u0131, \u00fcretilen malzemelerin piyasa fiyatlar\u0131ndan yakla\u015f\u0131k y\u00fczde 15 daha ucuz, ekonomik ve rekabet\u00e7i bir fiyatla sat\u0131lmas\u0131 nedeniyle bu hatt\u0131n \u00fclke ekonomisine destek veren \u00f6nemli ekonomik projelerden biri oldu\u011funu vurgulad\u0131.<\/p>\n<p style=\"text-align: center;\"><strong><a href=\"https:\/\/t.me\/SuriyeArapHaberAjansI\">Telegram Kanal\u0131m\u0131z\u00a0<\/a>||<a href=\"https:\/\/twitter.com\/arap_ajans\">X Platformumuz\u00a0<\/a>||<a href=\"https:\/\/www.facebook.com\/SANAHaberAjansi\/\">Facebook Sayfam\u0131z<\/a><\/strong><\/p>\n<div id='gallery-1' class='gallery galleryid-306451 gallery-columns-1 gallery-size-full'><figure class='gallery-item'>\n\t\t\t<div class='gallery-icon landscape'>\n\t\t\t\t<a href='https:\/\/archive.sana.sy\/tr\/wp-content\/uploads\/2024\/08\/2-copy-1.jpg'><img loading=\"lazy\" decoding=\"async\" width=\"660\" height=\"444\" src=\"https:\/\/archive.sana.sy\/tr\/wp-content\/uploads\/2024\/08\/2-copy-1.jpg\" class=\"attachment-full size-full\" alt=\"\" srcset=\"https:\/\/archive.sana.sy\/tr\/wp-content\/uploads\/2024\/08\/2-copy-1.jpg 660w, https:\/\/archive.sana.sy\/tr\/wp-content\/uploads\/2024\/08\/2-copy-1-300x202.jpg 300w, https:\/\/archive.sana.sy\/tr\/wp-content\/uploads\/2024\/08\/2-copy-1-110x75.jpg 110w\" sizes=\"auto, (max-width: 660px) 100vw, 660px\" \/><\/a>\n\t\t\t<\/div><\/figure><figure class='gallery-item'>\n\t\t\t<div class='gallery-icon landscape'>\n\t\t\t\t<a href='https:\/\/archive.sana.sy\/tr\/wp-content\/uploads\/2024\/08\/4-copy-2.jpg'><img loading=\"lazy\" decoding=\"async\" width=\"660\" height=\"421\" src=\"https:\/\/archive.sana.sy\/tr\/wp-content\/uploads\/2024\/08\/4-copy-2.jpg\" class=\"attachment-full size-full\" alt=\"\" srcset=\"https:\/\/archive.sana.sy\/tr\/wp-content\/uploads\/2024\/08\/4-copy-2.jpg 660w, https:\/\/archive.sana.sy\/tr\/wp-content\/uploads\/2024\/08\/4-copy-2-300x191.jpg 300w\" sizes=\"auto, (max-width: 660px) 100vw, 660px\" \/><\/a>\n\t\t\t<\/div><\/figure><figure class='gallery-item'>\n\t\t\t<div class='gallery-icon landscape'>\n\t\t\t\t<a href='https:\/\/archive.sana.sy\/tr\/wp-content\/uploads\/2024\/08\/5-copy-2.jpg'><img loading=\"lazy\" decoding=\"async\" width=\"660\" height=\"447\" src=\"https:\/\/archive.sana.sy\/tr\/wp-content\/uploads\/2024\/08\/5-copy-2.jpg\" class=\"attachment-full size-full\" alt=\"\" srcset=\"https:\/\/archive.sana.sy\/tr\/wp-content\/uploads\/2024\/08\/5-copy-2.jpg 660w, https:\/\/archive.sana.sy\/tr\/wp-content\/uploads\/2024\/08\/5-copy-2-300x203.jpg 300w, https:\/\/archive.sana.sy\/tr\/wp-content\/uploads\/2024\/08\/5-copy-2-110x75.jpg 110w\" sizes=\"auto, (max-width: 660px) 100vw, 660px\" \/><\/a>\n\t\t\t<\/div><\/figure><figure class='gallery-item'>\n\t\t\t<div class='gallery-icon landscape'>\n\t\t\t\t<a href='https:\/\/archive.sana.sy\/tr\/wp-content\/uploads\/2024\/08\/6-copy.jpg'><img loading=\"lazy\" decoding=\"async\" width=\"660\" height=\"446\" src=\"https:\/\/archive.sana.sy\/tr\/wp-content\/uploads\/2024\/08\/6-copy.jpg\" class=\"attachment-full size-full\" alt=\"\" srcset=\"https:\/\/archive.sana.sy\/tr\/wp-content\/uploads\/2024\/08\/6-copy.jpg 660w, https:\/\/archive.sana.sy\/tr\/wp-content\/uploads\/2024\/08\/6-copy-300x203.jpg 300w, https:\/\/archive.sana.sy\/tr\/wp-content\/uploads\/2024\/08\/6-copy-110x75.jpg 110w\" sizes=\"auto, (max-width: 660px) 100vw, 660px\" \/><\/a>\n\t\t\t<\/div><\/figure><figure class='gallery-item'>\n\t\t\t<div class='gallery-icon landscape'>\n\t\t\t\t<a href='https:\/\/archive.sana.sy\/tr\/wp-content\/uploads\/2024\/08\/7-copy-2.jpg'><img loading=\"lazy\" decoding=\"async\" width=\"660\" height=\"457\" src=\"https:\/\/archive.sana.sy\/tr\/wp-content\/uploads\/2024\/08\/7-copy-2.jpg\" class=\"attachment-full size-full\" alt=\"\" srcset=\"https:\/\/archive.sana.sy\/tr\/wp-content\/uploads\/2024\/08\/7-copy-2.jpg 660w, https:\/\/archive.sana.sy\/tr\/wp-content\/uploads\/2024\/08\/7-copy-2-300x208.jpg 300w, https:\/\/archive.sana.sy\/tr\/wp-content\/uploads\/2024\/08\/7-copy-2-110x75.jpg 110w\" sizes=\"auto, (max-width: 660px) 100vw, 660px\" \/><\/a>\n\t\t\t<\/div><\/figure>\n\t\t<\/div>\n\n","protected":false},"excerpt":{"rendered":"<p>HOMS (SANA) \u2013 Petrol ve Maden Kaynaklar\u0131 Bakan\u0131 Firas Kaddur, Homs rafinerisinde y\u0131ll\u0131k 1.500 ton \u00fcretim kapasiteli end\u00fcstriyel gresler \u00fcretim hatt\u0131n\u0131n a\u00e7\u0131l\u0131\u015f\u0131n\u0131 yapt\u0131. Suriye&#8217;de t\u00fcr\u00fcn\u00fcn ilk end\u00fcstriyel gresler \u00fcretim hatt\u0131 olup, her t\u00fcrl\u00fc end\u00fcstriyel gresin &#8220;kalsiyum, sodyum, lityum, grafit ve termal gresler&#8221; uluslararas\u0131 ve Suriye standart spesifikasyonlar\u0131na g\u00f6re ve ithal olanlara g\u00f6re ekonomik fiyatlarla sa\u011flamay\u0131 &hellip;<\/p>\n","protected":false},"author":39,"featured_media":306452,"comment_status":"closed","ping_status":"closed","sticky":false,"template":"","format":"standard","meta":{"footnotes":""},"categories":[485,486,479,17988,478],"tags":[],"class_list":["post-306451","post","type-post","status-publish","format-standard","has-post-thumbnail","","category-is-ve-sermaye","category-haberler-is-ve-sermaye","category-haberler-yerel","category-son-haberler","category-yerel"],"_links":{"self":[{"href":"https:\/\/archive.sana.sy\/tr\/index.php?rest_route=\/wp\/v2\/posts\/306451","targetHints":{"allow":["GET"]}}],"collection":[{"href":"https:\/\/archive.sana.sy\/tr\/index.php?rest_route=\/wp\/v2\/posts"}],"about":[{"href":"https:\/\/archive.sana.sy\/tr\/index.php?rest_route=\/wp\/v2\/types\/post"}],"author":[{"embeddable":true,"href":"https:\/\/archive.sana.sy\/tr\/index.php?rest_route=\/wp\/v2\/users\/39"}],"replies":[{"embeddable":true,"href":"https:\/\/archive.sana.sy\/tr\/index.php?rest_route=%2Fwp%2Fv2%2Fcomments&post=306451"}],"version-history":[{"count":1,"href":"https:\/\/archive.sana.sy\/tr\/index.php?rest_route=\/wp\/v2\/posts\/306451\/revisions"}],"predecessor-version":[{"id":306460,"href":"https:\/\/archive.sana.sy\/tr\/index.php?rest_route=\/wp\/v2\/posts\/306451\/revisions\/306460"}],"wp:featuredmedia":[{"embeddable":true,"href":"https:\/\/archive.sana.sy\/tr\/index.php?rest_route=\/wp\/v2\/media\/306452"}],"wp:attachment":[{"href":"https:\/\/archive.sana.sy\/tr\/index.php?rest_route=%2Fwp%2Fv2%2Fmedia&parent=306451"}],"wp:term":[{"taxonomy":"category","embeddable":true,"href":"https:\/\/archive.sana.sy\/tr\/index.php?rest_route=%2Fwp%2Fv2%2Fcategories&post=306451"},{"taxonomy":"post_tag","embeddable":true,"href":"https:\/\/archive.sana.sy\/tr\/index.php?rest_route=%2Fwp%2Fv2%2Ftags&post=306451"}],"curies":[{"name":"wp","href":"https:\/\/api.w.org\/{rel}","templated":true}]}}