{"id":306492,"date":"2024-08-11T10:43:06","date_gmt":"2024-08-11T07:43:06","guid":{"rendered":"https:\/\/sana.sy\/tr\/?p=306492"},"modified":"2024-08-11T11:06:24","modified_gmt":"2024-08-11T08:06:24","slug":"cumhurbaskani-bessar-esad-halk-meclisinin-21-agustos-2024-carsamba-gunu-ilk-kez-dorduncu-yasama-oturumunu-toplamasini-ongoren-2024-sayili-kararnameyi-yayinladi","status":"publish","type":"post","link":"https:\/\/archive.sana.sy\/tr\/?p=306492","title":{"rendered":"Cumhurba\u015fkan\u0131 Be\u015f\u015far Esad, Halk Meclisi&#8217;nin 21 A\u011fustos 2024 \u00c7ar\u015famba g\u00fcn\u00fc ilk kez d\u00f6rd\u00fcnc\u00fc yasama oturumunu toplamas\u0131n\u0131 \u00f6ng\u00f6ren 2024 say\u0131l\u0131 Kararnameyi yay\u0131nlad\u0131."},"content":{"rendered":"","protected":false},"excerpt":{"rendered":"","protected":false},"author":39,"featured_media":0,"comment_status":"closed","ping_status":"closed","sticky":false,"template":"","format":"standard","meta":{"footnotes":""},"categories":[1],"tags":[],"class_list":["post-306492","post","type-post","status-publish","format-standard","","category-news-not-sorted"],"_links":{"self":[{"href":"https:\/\/archive.sana.sy\/tr\/index.php?rest_route=\/wp\/v2\/posts\/306492","targetHints":{"allow":["GET"]}}],"collection":[{"href":"https:\/\/archive.sana.sy\/tr\/index.php?rest_route=\/wp\/v2\/posts"}],"about":[{"href":"https:\/\/archive.sana.sy\/tr\/index.php?rest_route=\/wp\/v2\/types\/post"}],"author":[{"embeddable":true,"href":"https:\/\/archive.sana.sy\/tr\/index.php?rest_route=\/wp\/v2\/users\/39"}],"replies":[{"embeddable":true,"href":"https:\/\/archive.sana.sy\/tr\/index.php?rest_route=%2Fwp%2Fv2%2Fcomments&post=306492"}],"version-history":[{"count":1,"href":"https:\/\/archive.sana.sy\/tr\/index.php?rest_route=\/wp\/v2\/posts\/306492\/revisions"}],"predecessor-version":[{"id":306493,"href":"https:\/\/archive.sana.sy\/tr\/index.php?rest_route=\/wp\/v2\/posts\/306492\/revisions\/306493"}],"wp:attachment":[{"href":"https:\/\/archive.sana.sy\/tr\/index.php?rest_route=%2Fwp%2Fv2%2Fmedia&parent=306492"}],"wp:term":[{"taxonomy":"category","embeddable":true,"href":"https:\/\/archive.sana.sy\/tr\/index.php?rest_route=%2Fwp%2Fv2%2Fcategories&post=306492"},{"taxonomy":"post_tag","embeddable":true,"href":"https:\/\/archive.sana.sy\/tr\/index.php?rest_route=%2Fwp%2Fv2%2Ftags&post=306492"}],"curies":[{"name":"wp","href":"https:\/\/api.w.org\/{rel}","templated":true}]}}