{"id":306500,"date":"2024-08-11T10:09:57","date_gmt":"2024-08-11T07:09:57","guid":{"rendered":"https:\/\/sana.sy\/tr\/?p=306500"},"modified":"2024-08-12T10:00:11","modified_gmt":"2024-08-12T07:00:11","slug":"aksa-tufani-operasyonu-bugunun-en-one-cikan-gelismeleri-220","status":"publish","type":"post","link":"https:\/\/archive.sana.sy\/tr\/?p=306500","title":{"rendered":"Aksa Tufan\u0131 Operasyonu\u2026 Bug\u00fcn\u00fcn En \u00d6ne \u00c7\u0131kan Geli\u015fmeleri"},"content":{"rendered":"<p style=\"text-align: justify;\"><strong>\u0130\u015eGAL ED\u0130LEN KUD\u00dcS (SANA) \u2013\u00a0<\/strong>Filistin direni\u015finin i\u015fgalci \u0130srail\u2019in sald\u0131rganl\u0131\u011f\u0131na yan\u0131t olarak 7 Ekim\u2019de ba\u015flatt\u0131\u011f\u0131 Aksa Tufan\u0131 Operasyonu\u2019nda \u00f6ne \u00e7\u0131kan geli\u015fmeler:<\/p>\n<ul>\n<li style=\"text-align: justify;\">Filistin direni\u015fi, Gazze \u015eeridi&#8217;nin g\u00fcneyindeki Refah \u015fehrinin do\u011fusundaki \u0130srail i\u015fgal asker ta\u015f\u0131y\u0131c\u0131s\u0131n\u0131 &#8220;Al-Yassin 105&#8221; top mermisiyle hedef ald\u0131.<\/li>\n<li style=\"text-align: justify;\">Filistin direni\u015fi, Gazze \u015eeridi&#8217;nin g\u00fcneyindeki Han Yunus \u015fehrinde toplanan \u0130srail d\u00fc\u015fman ara\u00e7lar\u0131 ve askerlerini havan toplar\u0131yla hedef ald\u0131.<\/li>\n<li style=\"text-align: justify;\">Filistin medyas\u0131: Filistin direni\u015finin Bat\u0131 \u015eeria&#8217;n\u0131n kuzeyindeki \u00dcrd\u00fcn Vadisi&#8217;nde d\u00fczenledi\u011fi kahramanca operasyonda bir \u0130srailli yerle\u015fimci \u00f6ld\u00fcr\u00fcld\u00fc ve bir di\u011feri de yaraland\u0131.<\/li>\n<li style=\"text-align: justify;\">Filistin direni\u015fi, Gazze \u015eeridi&#8217;nin g\u00fcneyindeki Han Yunus \u015fehrinin kuzeydo\u011fusundaki havan toplar\u0131yla \u0130srail d\u00fc\u015fman askerlerini ve ara\u00e7lar\u0131n\u0131 hedef ald\u0131.<\/li>\n<li style=\"text-align: justify;\">Filistin medyas\u0131: \u0130srail i\u015fgalinin Gazze \u015eeridi&#8217;nin g\u00fcneyindeki Han Yunus kentindeki bir pazar\u0131 bombalamas\u0131 sonucu \u015fehitler ve yaral\u0131lar.<\/li>\n<li style=\"text-align: justify;\"><a href=\"https:\/\/www.sana.sy\/tr\/?p=306513\">Mansur, uluslararas\u0131 topluma i\u015fgali Filistin halk\u0131na kar\u015f\u0131 i\u015fledi\u011fi su\u00e7lardan sorumlu tutmaya \u00e7a\u011f\u0131rd\u0131.<\/a><\/li>\n<\/ul>\n<p style=\"text-align: center;\"><strong><a href=\"https:\/\/t.me\/SuriyeArapHaberAjansI\">Telegram Kanal\u0131m\u0131z\u00a0<\/a>||<a href=\"https:\/\/twitter.com\/arap_ajans\">X Platformumuz\u00a0<\/a>||<a href=\"https:\/\/www.facebook.com\/SANAHaberAjansi\/\">Facebook Sayfam\u0131z<\/a><\/strong><\/p>\n","protected":false},"excerpt":{"rendered":"<p>\u0130\u015eGAL ED\u0130LEN KUD\u00dcS (SANA) \u2013\u00a0Filistin direni\u015finin i\u015fgalci \u0130srail\u2019in sald\u0131rganl\u0131\u011f\u0131na yan\u0131t olarak 7 Ekim\u2019de ba\u015flatt\u0131\u011f\u0131 Aksa Tufan\u0131 Operasyonu\u2019nda \u00f6ne \u00e7\u0131kan geli\u015fmeler: Filistin direni\u015fi, Gazze \u015eeridi&#8217;nin g\u00fcneyindeki Refah \u015fehrinin do\u011fusundaki \u0130srail i\u015fgal asker ta\u015f\u0131y\u0131c\u0131s\u0131n\u0131 &#8220;Al-Yassin 105&#8221; top mermisiyle hedef ald\u0131. Filistin direni\u015fi, Gazze \u015eeridi&#8217;nin g\u00fcneyindeki Han Yunus \u015fehrinde toplanan \u0130srail d\u00fc\u015fman ara\u00e7lar\u0131 ve askerlerini havan toplar\u0131yla hedef &hellip;<\/p>\n","protected":false},"author":39,"featured_media":306501,"comment_status":"closed","ping_status":"closed","sticky":false,"template":"","format":"standard","meta":{"footnotes":""},"categories":[458,459,17988],"tags":[],"class_list":["post-306500","post","type-post","status-publish","format-standard","has-post-thumbnail","","category-dunya1","category-haberler-arap-uluslararasi-politika","category-son-haberler"],"_links":{"self":[{"href":"https:\/\/archive.sana.sy\/tr\/index.php?rest_route=\/wp\/v2\/posts\/306500","targetHints":{"allow":["GET"]}}],"collection":[{"href":"https:\/\/archive.sana.sy\/tr\/index.php?rest_route=\/wp\/v2\/posts"}],"about":[{"href":"https:\/\/archive.sana.sy\/tr\/index.php?rest_route=\/wp\/v2\/types\/post"}],"author":[{"embeddable":true,"href":"https:\/\/archive.sana.sy\/tr\/index.php?rest_route=\/wp\/v2\/users\/39"}],"replies":[{"embeddable":true,"href":"https:\/\/archive.sana.sy\/tr\/index.php?rest_route=%2Fwp%2Fv2%2Fcomments&post=306500"}],"version-history":[{"count":4,"href":"https:\/\/archive.sana.sy\/tr\/index.php?rest_route=\/wp\/v2\/posts\/306500\/revisions"}],"predecessor-version":[{"id":306518,"href":"https:\/\/archive.sana.sy\/tr\/index.php?rest_route=\/wp\/v2\/posts\/306500\/revisions\/306518"}],"wp:featuredmedia":[{"embeddable":true,"href":"https:\/\/archive.sana.sy\/tr\/index.php?rest_route=\/wp\/v2\/media\/306501"}],"wp:attachment":[{"href":"https:\/\/archive.sana.sy\/tr\/index.php?rest_route=%2Fwp%2Fv2%2Fmedia&parent=306500"}],"wp:term":[{"taxonomy":"category","embeddable":true,"href":"https:\/\/archive.sana.sy\/tr\/index.php?rest_route=%2Fwp%2Fv2%2Fcategories&post=306500"},{"taxonomy":"post_tag","embeddable":true,"href":"https:\/\/archive.sana.sy\/tr\/index.php?rest_route=%2Fwp%2Fv2%2Ftags&post=306500"}],"curies":[{"name":"wp","href":"https:\/\/api.w.org\/{rel}","templated":true}]}}