{"id":306600,"date":"2024-08-13T08:21:31","date_gmt":"2024-08-13T05:21:31","guid":{"rendered":"https:\/\/sana.sy\/tr\/?p=306600"},"modified":"2024-08-14T13:27:37","modified_gmt":"2024-08-14T10:27:37","slug":"ulusal-deprem-merkezi-hamanin-dogusunda-55-buyuklugunde-deprem-meydana-geldi","status":"publish","type":"post","link":"https:\/\/archive.sana.sy\/tr\/?p=306600","title":{"rendered":"Ulusal Deprem Merkezi: Hama&#8217;n\u0131n Do\u011fusunda 5,5 B\u00fcy\u00fckl\u00fc\u011f\u00fcnde Deprem Meydana Geldi"},"content":{"rendered":"<p style=\"text-align: justify;\"><strong>\u015eAM (SANA) &#8211;<\/strong> Ulusal Sismoloji Merkezi, Hama \u015fehrinin 28 km do\u011fusunda Richter \u00f6l\u00e7e\u011fine g\u00f6re 5,5 b\u00fcy\u00fckl\u00fc\u011f\u00fcnde bir depremin meydana geldi\u011fini duyurdu.<\/p>\n<p style=\"text-align: justify;\">Ulusal Sismoloji Merkezi Ba\u015fkan\u0131 Raed Ahmed, SANA&#8217;ya yapt\u0131\u011f\u0131 a\u00e7\u0131klamada: &#8221;Saat 23.56&#8217;da Hama \u015fehrinin do\u011fusunu Richter \u00f6l\u00e7e\u011fine g\u00f6re 5,5 derecelik bir deprem vurdu&#8221; diyerek,\u00a0 yak\u0131n zamanda sars\u0131nt\u0131lar\u0131n meydana gelmesinden korkulmad\u0131\u011f\u0131n\u0131 ifade etti.<\/p>\n<p style=\"text-align: justify;\">G\u00f6zlem istasyonlar\u0131 daha sonra saat 23:56&#8217;daki sars\u0131nt\u0131n\u0131n ard\u0131ndan 4 zay\u0131f art\u00e7\u0131 sars\u0131nt\u0131 kaydetti. Richter \u00f6l\u00e7e\u011fine g\u00f6re ilk sars\u0131nt\u0131 00.02&#8217;de 3.9 b\u00fcy\u00fckl\u00fc\u011f\u00fcnde, ikinci sars\u0131nt\u0131 00.08&#8217;de 2.4 b\u00fcy\u00fckl\u00fc\u011f\u00fcnde, d\u00f6rd\u00fcnc\u00fc sars\u0131nt\u0131 00.28&#8217;de 2.4 b\u00fcy\u00fckl\u00fc\u011f\u00fcnde, d\u00f6rd\u00fcnc\u00fc sars\u0131nt\u0131 ise 00.35&#8217;te 3.1 b\u00fcy\u00fckl\u00fc\u011f\u00fcnde ger\u00e7ekle\u015fti.<\/p>\n<p>Hama&#8217;n\u0131n do\u011fusunda meydana gelen depremde herhangi bir hasar meydana gelmedi.<\/p>\n<p style=\"text-align: center;\"><strong><a href=\"https:\/\/t.me\/SuriyeArapHaberAjansI\">Telegram Kanal\u0131m\u0131z\u00a0<\/a>||<a href=\"https:\/\/twitter.com\/arap_ajans\">X Platformumuz\u00a0<\/a>||<a href=\"https:\/\/www.facebook.com\/SANAHaberAjansi\/\">Facebook Sayfam\u0131z<\/a><\/strong><\/p>\n","protected":false},"excerpt":{"rendered":"<p>\u015eAM (SANA) &#8211; Ulusal Sismoloji Merkezi, Hama \u015fehrinin 28 km do\u011fusunda Richter \u00f6l\u00e7e\u011fine g\u00f6re 5,5 b\u00fcy\u00fckl\u00fc\u011f\u00fcnde bir depremin meydana geldi\u011fini duyurdu. Ulusal Sismoloji Merkezi Ba\u015fkan\u0131 Raed Ahmed, SANA&#8217;ya yapt\u0131\u011f\u0131 a\u00e7\u0131klamada: &#8221;Saat 23.56&#8217;da Hama \u015fehrinin do\u011fusunu Richter \u00f6l\u00e7e\u011fine g\u00f6re 5,5 derecelik bir deprem vurdu&#8221; diyerek,\u00a0 yak\u0131n zamanda sars\u0131nt\u0131lar\u0131n meydana gelmesinden korkulmad\u0131\u011f\u0131n\u0131 ifade etti. G\u00f6zlem istasyonlar\u0131 daha &hellip;<\/p>\n","protected":false},"author":39,"featured_media":306604,"comment_status":"closed","ping_status":"closed","sticky":false,"template":"","format":"standard","meta":{"footnotes":""},"categories":[541,479,17988,538,478],"tags":[],"class_list":["post-306600","post","type-post","status-publish","format-standard","has-post-thumbnail","","category-haberler","category-haberler-yerel","category-son-haberler","category-yasam","category-yerel"],"_links":{"self":[{"href":"https:\/\/archive.sana.sy\/tr\/index.php?rest_route=\/wp\/v2\/posts\/306600","targetHints":{"allow":["GET"]}}],"collection":[{"href":"https:\/\/archive.sana.sy\/tr\/index.php?rest_route=\/wp\/v2\/posts"}],"about":[{"href":"https:\/\/archive.sana.sy\/tr\/index.php?rest_route=\/wp\/v2\/types\/post"}],"author":[{"embeddable":true,"href":"https:\/\/archive.sana.sy\/tr\/index.php?rest_route=\/wp\/v2\/users\/39"}],"replies":[{"embeddable":true,"href":"https:\/\/archive.sana.sy\/tr\/index.php?rest_route=%2Fwp%2Fv2%2Fcomments&post=306600"}],"version-history":[{"count":2,"href":"https:\/\/archive.sana.sy\/tr\/index.php?rest_route=\/wp\/v2\/posts\/306600\/revisions"}],"predecessor-version":[{"id":306603,"href":"https:\/\/archive.sana.sy\/tr\/index.php?rest_route=\/wp\/v2\/posts\/306600\/revisions\/306603"}],"wp:featuredmedia":[{"embeddable":true,"href":"https:\/\/archive.sana.sy\/tr\/index.php?rest_route=\/wp\/v2\/media\/306604"}],"wp:attachment":[{"href":"https:\/\/archive.sana.sy\/tr\/index.php?rest_route=%2Fwp%2Fv2%2Fmedia&parent=306600"}],"wp:term":[{"taxonomy":"category","embeddable":true,"href":"https:\/\/archive.sana.sy\/tr\/index.php?rest_route=%2Fwp%2Fv2%2Fcategories&post=306600"},{"taxonomy":"post_tag","embeddable":true,"href":"https:\/\/archive.sana.sy\/tr\/index.php?rest_route=%2Fwp%2Fv2%2Ftags&post=306600"}],"curies":[{"name":"wp","href":"https:\/\/api.w.org\/{rel}","templated":true}]}}