{"id":306655,"date":"2024-08-14T10:23:14","date_gmt":"2024-08-14T07:23:14","guid":{"rendered":"https:\/\/sana.sy\/tr\/?p=306655"},"modified":"2024-08-15T13:11:36","modified_gmt":"2024-08-15T10:11:36","slug":"isgalin-gazze-seridine-yonelik-saldirganligi-313uncu-gununde-20-sehit-onlarca-yarali","status":"publish","type":"post","link":"https:\/\/archive.sana.sy\/tr\/?p=306655","title":{"rendered":"\u0130\u015fgalin Gazze \u015eeridi&#8217;ne Y\u00f6nelik Sald\u0131rganl\u0131\u011f\u0131 313&#8217;\u00fcnc\u00fc G\u00fcn\u00fcnde&#8230; 20 \u015eehit, Onlarca Yaral\u0131"},"content":{"rendered":"<p style=\"text-align: justify;\"><strong>\u0130\u015eGAL ED\u0130LEN KUD\u00dcS (SANA) \u2013\u00a0<\/strong>\u0130srail&#8217;in Gazze \u015eeridi&#8217;nde bir\u00e7ok b\u00f6lgeyi i\u015fgalci bombard\u0131man\u0131 sonucu 20 Filistinli \u015fehit d\u00fc\u015ft\u00fc, onlarca ki\u015fi de yaraland\u0131.<\/p>\n<p style=\"text-align: justify;\">Filistinli WAFA Haber Ajans\u0131, i\u015fgal u\u00e7aklar\u0131n\u0131n Gazze \u015eeridi&#8217;nin merkezindeki Nuseyrat ve El Ma\u011fazi kamplar\u0131 ile g\u00fcneydeki Han Yunus kamplar\u0131ndaki evleri bombalayarak 15 Filistinlinin \u00f6l\u00fcm\u00fcne ve onlarca ki\u015finin yaralanmas\u0131na yol a\u00e7t\u0131\u011f\u0131n\u0131 bildirdi.<\/p>\n<p style=\"text-align: justify;\">Han Yunus&#8217;un do\u011fusundaki Beni S\u00fcheyle kasabas\u0131nda i\u015fgalci keskin ni\u015fanc\u0131lar\u0131n sald\u0131r\u0131s\u0131 sonucu 2 Filistinli \u015fehit d\u00fc\u015ft\u00fc, \u00e7ok say\u0131da ki\u015fi de yaraland\u0131.<\/p>\n<p style=\"text-align: justify;\">Gazze \u015eeridi&#8217;nin g\u00fcneyinde Refah&#8217;\u0131n bat\u0131s\u0131ndaki Tel El Sultan mahallesine d\u00fczenlenen i\u015fgal bombard\u0131man\u0131 sonucu 3 Filistinli \u015fehit d\u00fc\u015ft\u00fc.<\/p>\n<p style=\"text-align: justify;\">\u0130\u015fgal top\u00e7ular\u0131 Refah \u015fehrinin bat\u0131 ve kuzey b\u00f6lgeleri ile Gazze \u015fehrinin El Sabra ve El Zeytun mahallelerini bombalad\u0131.<\/p>\n<p style=\"text-align: center;\"><strong><a href=\"https:\/\/t.me\/SuriyeArapHaberAjansI\">Telegram Kanal\u0131m\u0131z\u00a0<\/a>||<a href=\"https:\/\/twitter.com\/arap_ajans\">X Platformumuz\u00a0<\/a>||<a href=\"https:\/\/www.facebook.com\/SANAHaberAjansi\/\">Facebook Sayfam\u0131z<\/a><\/strong><\/p>\n","protected":false},"excerpt":{"rendered":"<p>\u0130\u015eGAL ED\u0130LEN KUD\u00dcS (SANA) \u2013\u00a0\u0130srail&#8217;in Gazze \u015eeridi&#8217;nde bir\u00e7ok b\u00f6lgeyi i\u015fgalci bombard\u0131man\u0131 sonucu 20 Filistinli \u015fehit d\u00fc\u015ft\u00fc, onlarca ki\u015fi de yaraland\u0131. Filistinli WAFA Haber Ajans\u0131, i\u015fgal u\u00e7aklar\u0131n\u0131n Gazze \u015eeridi&#8217;nin merkezindeki Nuseyrat ve El Ma\u011fazi kamplar\u0131 ile g\u00fcneydeki Han Yunus kamplar\u0131ndaki evleri bombalayarak 15 Filistinlinin \u00f6l\u00fcm\u00fcne ve onlarca ki\u015finin yaralanmas\u0131na yol a\u00e7t\u0131\u011f\u0131n\u0131 bildirdi. Han Yunus&#8217;un do\u011fusundaki Beni &hellip;<\/p>\n","protected":false},"author":36,"featured_media":306656,"comment_status":"closed","ping_status":"closed","sticky":false,"template":"","format":"standard","meta":{"footnotes":""},"categories":[458,459,17988],"tags":[],"class_list":["post-306655","post","type-post","status-publish","format-standard","has-post-thumbnail","","category-dunya1","category-haberler-arap-uluslararasi-politika","category-son-haberler"],"_links":{"self":[{"href":"https:\/\/archive.sana.sy\/tr\/index.php?rest_route=\/wp\/v2\/posts\/306655","targetHints":{"allow":["GET"]}}],"collection":[{"href":"https:\/\/archive.sana.sy\/tr\/index.php?rest_route=\/wp\/v2\/posts"}],"about":[{"href":"https:\/\/archive.sana.sy\/tr\/index.php?rest_route=\/wp\/v2\/types\/post"}],"author":[{"embeddable":true,"href":"https:\/\/archive.sana.sy\/tr\/index.php?rest_route=\/wp\/v2\/users\/36"}],"replies":[{"embeddable":true,"href":"https:\/\/archive.sana.sy\/tr\/index.php?rest_route=%2Fwp%2Fv2%2Fcomments&post=306655"}],"version-history":[{"count":2,"href":"https:\/\/archive.sana.sy\/tr\/index.php?rest_route=\/wp\/v2\/posts\/306655\/revisions"}],"predecessor-version":[{"id":306671,"href":"https:\/\/archive.sana.sy\/tr\/index.php?rest_route=\/wp\/v2\/posts\/306655\/revisions\/306671"}],"wp:featuredmedia":[{"embeddable":true,"href":"https:\/\/archive.sana.sy\/tr\/index.php?rest_route=\/wp\/v2\/media\/306656"}],"wp:attachment":[{"href":"https:\/\/archive.sana.sy\/tr\/index.php?rest_route=%2Fwp%2Fv2%2Fmedia&parent=306655"}],"wp:term":[{"taxonomy":"category","embeddable":true,"href":"https:\/\/archive.sana.sy\/tr\/index.php?rest_route=%2Fwp%2Fv2%2Fcategories&post=306655"},{"taxonomy":"post_tag","embeddable":true,"href":"https:\/\/archive.sana.sy\/tr\/index.php?rest_route=%2Fwp%2Fv2%2Ftags&post=306655"}],"curies":[{"name":"wp","href":"https:\/\/api.w.org\/{rel}","templated":true}]}}